{"id":72330,"date":"2023-02-25T01:30:00","date_gmt":"2023-02-25T04:30:00","guid":{"rendered":"https:\/\/portalmovil.com.ar\/?p=72330"},"modified":"2023-02-25T11:34:08","modified_gmt":"2023-02-25T14:34:08","slug":"capitanich-anuncio-que-hay-acuerdo-docente-en-chaco","status":"publish","type":"post","link":"https:\/\/portalmovil.com.ar\/index.php\/2023\/02\/25\/capitanich-anuncio-que-hay-acuerdo-docente-en-chaco\/","title":{"rendered":"Capitanich anunci\u00f3 que hay \u00abacuerdo docente\u00bb en Chaco"},"content":{"rendered":"\n<p>Este s\u00e1bado el gobernador de Chaco, Jorge Capitanich, brind\u00f3 una conferencia de prensa y anunci\u00f3 el cierre de la paritaria docente de cara al comienzo de clases el pr\u00f3ximo mi\u00e9rcoles 1 de marzo.<br>El gobernador manifest\u00f3 que se lleg\u00f3 a \u00abun amplio acuerdo con los trabajadores docentes desde el punto de vista de la pol\u00edtica salarial que involucra un consenso mayoritario en virtud de lo que esto significa\u00bb.<\/p>\n\n\n\n<p>Sobre la propuesta que el gobierno brind\u00f3 a los distintos gremios el mandatario provincial explic\u00f3 que se trata de un piso salarial del 70% para el 2023 y la aplicaci\u00f3n de la cl\u00e1usula gatillo que ya se comenz\u00f3 a implementar desde el mes de enero.<\/p>\n\n\n\n<p>\u00abEsta pol\u00edtica del 70% de incremento anual implica un 10% por encima de la inflaci\u00f3n del 2023\u00bb, afirm\u00f3 Jorge Capitanich durante la conferencia de prensa.<\/p>\n\n\n\n<p>Asimismo, tambi\u00e9n anunci\u00f3 que desde el 1 de marzo se generar\u00e1n las condiciones para que todos los trabajadores docentes inscriptos que deben trasladarse de una localidad a otra tengan el acceso a una tarjeta.<\/p>\n\n\n\n<p>\u00abEsto significa el gran desaf\u00edo de no ver a trabajadores docentes haciendo dedo en las rutas, no solamente por su seguridad sino tambi\u00e9n por su comodidad y por lo que eso significa\u00bb, aclar\u00f3 el gobernador de Chaco.<\/p>\n\n\n\n<p>En esta l\u00ednea, manifest\u00f3 que desde la misma fecha se comenzar\u00e1 un proceso de distribuci\u00f3n de 1000 computadoras para \u00abir disminuyendo la brecha digital con inclusi\u00f3n digital docente, esto tambi\u00e9n es otra pol\u00edtica muy importante que la estamos haciendo con distintas modalidades\u00bb.<\/p>\n\n\n\n<p>Capitanich record\u00f3 que el salario neto con jornada incluida ser\u00e1 de 141.200 pesos y 170.100 en caso del maestro de grado en zona urbana en marzo del 2023. \u00abLogramos que el sector docente tenga m\u00e1s dignidad\u00bb, reafirm\u00f3.<\/p>\n\n\n\n<p>Y antes de finalizar apunt\u00f3 contra la oposici\u00f3n y dijo: \u00abRecuperamos el desastre salarial docente que dej\u00f3 la pol\u00edtica de car\u00e1cter nacional en la anterior gesti\u00f3n\u00bb.<\/p>\n","protected":false},"excerpt":{"rendered":"<p>Este s\u00e1bado el gobernador de Chaco, Jorge Capitanich, brind\u00f3 una conferencia de prensa y anunci\u00f3 el cierre de la paritaria docente de cara al comienzo de clases el pr\u00f3ximo mi\u00e9rcoles 1 de marzo.El gobernador manifest\u00f3 que se lleg\u00f3 a \u00abun amplio acuerdo con los trabajadores docentes desde el punto de vista de la pol\u00edtica salarial &hellip;<\/p>\n","protected":false},"author":2,"featured_media":72331,"comment_status":"open","ping_status":"open","sticky":false,"template":"","format":"standard","meta":{"_jetpack_memberships_contains_paid_content":false,"footnotes":"","jetpack_publicize_message":"","jetpack_publicize_feature_enabled":true,"jetpack_social_post_already_shared":true,"jetpack_social_options":{"image_generator_settings":{"template":"highway","default_image_id":0,"font":"","enabled":false},"version":2}},"categories":[5,14,12],"tags":[],"class_list":["post-72330","post","type-post","status-publish","format-standard","has-post-thumbnail","hentry","category-chaco","category-politica","category-ultimo"],"jetpack_publicize_connections":[],"jetpack_featured_media_url":"https:\/\/portalmovil.com.ar\/wp-content\/uploads\/2023\/02\/fde6821c-0c11-4876-ab37-96598c9148a9.jpg","jetpack_sharing_enabled":true,"amp_enabled":true,"_links":{"self":[{"href":"https:\/\/portalmovil.com.ar\/index.php\/wp-json\/wp\/v2\/posts\/72330","targetHints":{"allow":["GET"]}}],"collection":[{"href":"https:\/\/portalmovil.com.ar\/index.php\/wp-json\/wp\/v2\/posts"}],"about":[{"href":"https:\/\/portalmovil.com.ar\/index.php\/wp-json\/wp\/v2\/types\/post"}],"author":[{"embeddable":true,"href":"https:\/\/portalmovil.com.ar\/index.php\/wp-json\/wp\/v2\/users\/2"}],"replies":[{"embeddable":true,"href":"https:\/\/portalmovil.com.ar\/index.php\/wp-json\/wp\/v2\/comments?post=72330"}],"version-history":[{"count":1,"href":"https:\/\/portalmovil.com.ar\/index.php\/wp-json\/wp\/v2\/posts\/72330\/revisions"}],"predecessor-version":[{"id":72332,"href":"https:\/\/portalmovil.com.ar\/index.php\/wp-json\/wp\/v2\/posts\/72330\/revisions\/72332"}],"wp:featuredmedia":[{"embeddable":true,"href":"https:\/\/portalmovil.com.ar\/index.php\/wp-json\/wp\/v2\/media\/72331"}],"wp:attachment":[{"href":"https:\/\/portalmovil.com.ar\/index.php\/wp-json\/wp\/v2\/media?parent=72330"}],"wp:term":[{"taxonomy":"category","embeddable":true,"href":"https:\/\/portalmovil.com.ar\/index.php\/wp-json\/wp\/v2\/categories?post=72330"},{"taxonomy":"post_tag","embeddable":true,"href":"https:\/\/portalmovil.com.ar\/index.php\/wp-json\/wp\/v2\/tags?post=72330"}],"curies":[{"name":"wp","href":"https:\/\/api.w.org\/{rel}","templated":true}]}}