{"id":7228,"date":"2020-06-03T00:24:17","date_gmt":"2020-06-03T03:24:17","guid":{"rendered":"http:\/\/portalmovil.com.ar\/?p=7228"},"modified":"2020-06-03T00:24:21","modified_gmt":"2020-06-03T03:24:21","slug":"caso-greco-las-maximas-autoridades-realizaron-la-primera-mesa-de-trabajo-intersectorial","status":"publish","type":"post","link":"https:\/\/portalmovil.com.ar\/index.php\/2020\/06\/03\/caso-greco-las-maximas-autoridades-realizaron-la-primera-mesa-de-trabajo-intersectorial\/","title":{"rendered":"Caso Greco: las m\u00e1ximas autoridades realizaron la primera mesa de trabajo intersectorial"},"content":{"rendered":"\n<p>La C\u00e1mara de Diputados dar\u00e1 tratamiento en agosto al proyecto de ley de la estructura org\u00e1nica del Comit\u00e9 Provincial de la Prevenci\u00f3n de la Tortura. Adem\u00e1s se comprometieron a la designaci\u00f3n del Fiscal Especial en lo Penal de Derechos Humanos suplente, por el Consejo de la Magistratura de la Provincia del Chaco. En septiembre tendr\u00e1 lugar al debate oral y p\u00fablico de la causa \u201cGreco 2\u201d.<\/p>\n\n\n\n<p>El gobernador Jorge Capitanich y la vicegobernadora Anal\u00eda Rach participaron de la primera mesa de trabajo intersectorial por el Caso Greco tras la convocatoria de la Comisi\u00f3n Interamericana de Derechos Humanos (CIDH). De la reuni\u00f3n por teleconferencia participaron tambi\u00e9n las m\u00e1ximas autoridades del poder Judicial y Legislativo y del Comit\u00e9 para la Prevenci\u00f3n de la Tortura.<\/p>\n\n\n\n<p>Juan \u00c1ngel Greco era un artesano de 24 a\u00f1os que falleci\u00f3 tras ser detenido ilegalmente y alojado en una celda que luego fue incendiada el 4 de julio de 1990 en la comisar\u00eda de Puerto Vilelas. Ante la impunidad del caso, los familiares de Greco recurrieron a la CIDH que dispuso la reapertura de la investigaci\u00f3n comprometiendo al Estado chaque\u00f1o a una serie de medidas reparatorias para la familia, y a la reapertura de las investigaciones penales y administrativas contra los presuntos responsables de la detenci\u00f3n ilegal y de la muerte del artesano. En septiembre ser\u00e1 el debate oral y p\u00fablico de la causa \u201cGreco 2\u201d.<\/p>\n\n\n\n<p>En esta l\u00ednea detall\u00f3 los puntos a trabajar de forma conjunta entre los tres poderes del Estado, el \u00f3rgano de control (Comit\u00e9 Provincial de la Prevenci\u00f3n de la Tortura), la Procuraci\u00f3n General, la Secretar\u00eda de Derechos Humanos de la Naci\u00f3n, Canciller\u00eda Nacional, y el Centro de Estudios Legales y Sociales (CELS) que es la parte peticionaria.<\/p>\n\n\n\n<p>Arribaron a dos compromisos. Por un lado, la C\u00e1mara de Diputados dar\u00e1 tratamiento en agosto al proyecto de ley de la estructura org\u00e1nica del Comit\u00e9 Provincial de la Prevenci\u00f3n de la Tortura. Adem\u00e1s se comprometieron a la designaci\u00f3n del Fiscal Especial en lo Penal de Derechos Humanos suplente, por el Consejo de la Magistratura de la Provincia del Chaco. El compromiso incluye iniciar un plan de trabajo para mejorar el funcionamiento de la Fiscal\u00eda Especial en lo Penal de Derechos Humanos y la revisi\u00f3n del funcionamiento del \u00d3rgano de Control Institucional (OCI).<\/p>\n\n\n\n<p>As\u00ed el gobernador inform\u00f3 que la mesa continuar\u00e1 monitoreando los alcances del acuerdo de soluci\u00f3n amistosa mediante reuniones peri\u00f3dicas bimestrales. \u201cLa reuni\u00f3n sostenida es una clara prueba del compromiso de todos los poderes del Chaco, un ejemplo a nivel nacional de di\u00e1logo y articulaci\u00f3n para el cumplimiento de los compromisos internacionales en materia de Derechos Humanos\u201d, expres\u00f3.<\/p>\n\n\n\n<p>Y remarc\u00f3 que el cumplimiento de lo establecido por la CIDH implica un mejoramiento de las instituciones y pol\u00edticas p\u00fablicas vinculadas a la prevenci\u00f3n de la violencia institucional, juzgamiento de los responsables y protecci\u00f3n de m\u00e1s v\u00edctimas.<\/p>\n\n\n\n<p>De la reuni\u00f3n participaron la secretaria de Derechos Humanos y G\u00e9neros Silvana P\u00e9rez y la subsecretaria de Derechos Humanos Nayla Bosch; la ministra de Seguridad y Justicia Gloria Zalazar y la directora de Asesor\u00eda Legal del Ministerio de Gobierno Mar\u00eda Roxana de los Santos. En representaci\u00f3n del Poder Legislativo estuvo el presidente de la C\u00e1mara Hugo Abel Sager y el diputado Juan Carlos Ayala. Por el Poder Judicial la presidenta Iride Isabel Mar\u00eda Grillo y el secretario de Superintendencia Lisandro Yolis; por el Ministerio P\u00fablico Fiscal del Chaco, el procurador general Jorge Omar Canteros. En representaci\u00f3n del Comit\u00e9 de Prevenci\u00f3n de la Tortura del Chaco, su presidente Silvio Del Balzo y miembros. En representaci\u00f3n del CELS, la directora ejecutiva Paula Litvachky, Mariano Lanziano y Macarena Fern\u00e1ndez Hofmann. En representaci\u00f3n de la Secretar\u00eda de Derechos Humanos de Naci\u00f3n, el secretario Horacio Pietragalla Corti, Patricia Cao. Y por el Ministerio de Relaciones Exteriores y Culto, Javier Salgado y Gonzalo Bueno.<\/p>\n","protected":false},"excerpt":{"rendered":"<p>La C\u00e1mara de Diputados dar\u00e1 tratamiento en agosto al proyecto de ley de la estructura org\u00e1nica del Comit\u00e9 Provincial de la Prevenci\u00f3n de la Tortura. Adem\u00e1s se comprometieron a la designaci\u00f3n del Fiscal Especial en lo Penal de Derechos Humanos suplente, por el Consejo de la Magistratura de la Provincia del Chaco. En septiembre tendr\u00e1 &hellip;<\/p>\n","protected":false},"author":2,"featured_media":7229,"comment_status":"open","ping_status":"open","sticky":false,"template":"","format":"standard","meta":{"_jetpack_memberships_contains_paid_content":false,"footnotes":"","jetpack_publicize_message":"","jetpack_publicize_feature_enabled":true,"jetpack_social_post_already_shared":true,"jetpack_social_options":{"image_generator_settings":{"template":"highway","default_image_id":0,"font":"","enabled":false},"version":2}},"categories":[5,14,12],"tags":[],"class_list":["post-7228","post","type-post","status-publish","format-standard","has-post-thumbnail","hentry","category-chaco","category-politica","category-ultimo"],"jetpack_publicize_connections":[],"jetpack_featured_media_url":"https:\/\/portalmovil.com.ar\/wp-content\/uploads\/2020\/06\/eec8f9e8eadb42d533810686e406b4f1.jpg","jetpack_sharing_enabled":true,"amp_enabled":true,"_links":{"self":[{"href":"https:\/\/portalmovil.com.ar\/index.php\/wp-json\/wp\/v2\/posts\/7228","targetHints":{"allow":["GET"]}}],"collection":[{"href":"https:\/\/portalmovil.com.ar\/index.php\/wp-json\/wp\/v2\/posts"}],"about":[{"href":"https:\/\/portalmovil.com.ar\/index.php\/wp-json\/wp\/v2\/types\/post"}],"author":[{"embeddable":true,"href":"https:\/\/portalmovil.com.ar\/index.php\/wp-json\/wp\/v2\/users\/2"}],"replies":[{"embeddable":true,"href":"https:\/\/portalmovil.com.ar\/index.php\/wp-json\/wp\/v2\/comments?post=7228"}],"version-history":[{"count":1,"href":"https:\/\/portalmovil.com.ar\/index.php\/wp-json\/wp\/v2\/posts\/7228\/revisions"}],"predecessor-version":[{"id":7230,"href":"https:\/\/portalmovil.com.ar\/index.php\/wp-json\/wp\/v2\/posts\/7228\/revisions\/7230"}],"wp:featuredmedia":[{"embeddable":true,"href":"https:\/\/portalmovil.com.ar\/index.php\/wp-json\/wp\/v2\/media\/7229"}],"wp:attachment":[{"href":"https:\/\/portalmovil.com.ar\/index.php\/wp-json\/wp\/v2\/media?parent=7228"}],"wp:term":[{"taxonomy":"category","embeddable":true,"href":"https:\/\/portalmovil.com.ar\/index.php\/wp-json\/wp\/v2\/categories?post=7228"},{"taxonomy":"post_tag","embeddable":true,"href":"https:\/\/portalmovil.com.ar\/index.php\/wp-json\/wp\/v2\/tags?post=7228"}],"curies":[{"name":"wp","href":"https:\/\/api.w.org\/{rel}","templated":true}]}}