{"id":71996,"date":"2023-02-17T01:36:00","date_gmt":"2023-02-17T04:36:00","guid":{"rendered":"https:\/\/portalmovil.com.ar\/?p=71996"},"modified":"2023-02-17T08:41:44","modified_gmt":"2023-02-17T11:41:44","slug":"el-kirchnerismo-propone-postularla-como-candidata-unica-a-presidente","status":"publish","type":"post","link":"https:\/\/portalmovil.com.ar\/index.php\/2023\/02\/17\/el-kirchnerismo-propone-postularla-como-candidata-unica-a-presidente\/","title":{"rendered":"El kirchnerismo propone postularla como candidata \u00fanica a presidente"},"content":{"rendered":"\n<p>La Mesa Nacional del Frente de Todos mantuvo su primera reuni\u00f3n hasta altas horas de la madrugada de este viernes para definir estrategias para postular a un solo candidato a presidente de cara a las elecciones de 2023 y lograr retener el poder a trav\u00e9s de la unidad.<\/p>\n\n\n\n<p>En ese marco, el kirchnerismo impuso la propuesta hecha por el titular del sindicato La Bancaria, Segrio Palazzo, de\u00a0<strong>formar una comisi\u00f3n para impedir la proscripci\u00f3n de Cristina Kirchner, pedirle que desista de no participar de los comicios y postularla como candidata<\/strong>.<\/p>\n\n\n\n<p>En un comunicado titulado como \u00abDemocracia sin proscripciones, unidad para transformar\u00bb, difundido tras la reuni\u00f3n, la alianza del oficialismo&nbsp;<strong>reivindic\u00f3 las PASO para \u00absintetizar las diferentes versiones de un proyecto com\u00fan\u00bb<\/strong>.<\/p>\n\n\n\n<p>Durante la misma, el l\u00edder de La C\u00e1mpora,\u00a0<strong>M\u00e1ximo Kirchner<\/strong>, asegur\u00f3 que no es viable \u00abhacerle una interna al Presidente\u00bb. Mientras que\u00a0<strong>Alberto Fern\u00e1ndez<\/strong>\u00a0tom\u00f3 esa afirmaci\u00f3n y afirm\u00f3 que buscar\u00e1 su reelecci\u00f3n, pero aclar\u00f3:\u00a0<strong>\u00abSi aparece uno mejor, yo me bajo\u00bb<\/strong>.<\/p>\n\n\n\n<p>\u00abTenemos como responsabilidad disponer las acciones necesarias para&nbsp;<strong>impedir la proscripci\u00f3n de la compa\u00f1era vicepresidenta Cristina Fern\u00e1ndez de Kirchner<\/strong>&nbsp;cuyo liderazgo y potencia electoral no nos puede ser arrebatado.&nbsp;<strong>No hay, o no deber\u00eda haber, ning\u00fan poder econ\u00f3mico, medi\u00e1tico o judicial capaz de decidir por encima de la voluntad popular<\/strong>\u00ab, sostuvieron en una de las principales definiciones del documento.<\/p>\n\n\n\n<p>Luego, apuntaron contra la oposici\u00f3n: \u00abEl mayor triunfo de los poderes concentrados es someter a la sociedad en el des\u00e1nimo y en el enojo, en la frustraci\u00f3n y el descreimiento.&nbsp;<strong>Quieren convertir una situaci\u00f3n global muy adversa en un fatalismo del que no hay salida<\/strong>\u00ab.<\/p>\n\n\n\n<p>\u00abEn 2023 se enfrentar\u00e1n dos modelos de pa\u00eds. La Argentina de un progreso compartido, democr\u00e1tica e igualitaria; y el anacronismo de una derecha que concibe al pa\u00eds como una plataforma de negocios para unos pocos. No tienen nada nuevo para decir.&nbsp;<strong>Repiten f\u00f3rmulas que han fracasado hace d\u00e9cadas, salvo para enriquecer a peque\u00f1os grupos privilegiados<\/strong>\u00ab, se\u00f1alaron.<\/p>\n\n\n\n<p>Por eso, insistieron en la unidad para hacer frente al a\u00f1o electoral: \u00ab<strong>Pero para evitar un retorno de la derecha, una parte fundamental de la estrategia del Frente es reforzar la unidad en la diversidad<\/strong>. Articular todas las diferentes miradas del Frente de Todxs y tambi\u00e9n a quienes se quieran sumar a este proyecto por una Argentina que crezca con paz, igualdad y libertad\u00bb.<\/p>\n\n\n\n<p><strong>\u00abLas PASO son la herramienta institucional creadas por nuestro gobierno durante el a\u00f1o 2010, para abrir la participaci\u00f3n de los partidos y sintetizar las diferentes visiones de un proyecto com\u00fan\u00bb, plantaron.<\/strong><\/p>\n\n\n\n<p>En la sede del PJ estuvieron presentes:&nbsp;<strong>Alberto Fern\u00e1ndez<\/strong>,&nbsp;<strong>Santiago Cafiero<\/strong>,&nbsp;<strong>Victoria Tolosa Paz<\/strong>,&nbsp;<strong>Agust\u00edn Rossi<\/strong>,&nbsp;<strong>Juan Manuel Olmos<\/strong>,&nbsp;<strong>Fernando \u00abChino\u00bb Navarro<\/strong>&nbsp;y&nbsp;<strong>Julio Vitobello<\/strong>, por el albertismo.&nbsp;<strong>M\u00e1ximo Kirchner<\/strong>,&nbsp;<strong>Andr\u00e9s Larroque<\/strong>,&nbsp;<strong>Eduardo \u00abWado\u00bb de Pedro<\/strong>,&nbsp;<strong>Anabel Fern\u00e1ndez Sagasti<\/strong>&nbsp;y&nbsp;<strong>Mayra Mendoza<\/strong>&nbsp;por el cristinismo-kirchnerismo.&nbsp;<strong>Jorge Capitanich<\/strong>,&nbsp;<strong>Gustavo Bordet<\/strong>,&nbsp;<strong>Gerardo Zamora<\/strong>,&nbsp;<strong>Axel Kicillof<\/strong>&nbsp;y&nbsp;<strong>Mariano Arcioni<\/strong>&nbsp;por el lado de los gobernadores. Fernando Espinoza, Mario Secco, Alberto Descalzo, Mariel Fern\u00e1ndez y Lucas Ghi por los intendentes. Sergio Massa, Malena Galmarini, Juan Andreotti, Cecilia Moreau, Rub\u00e9n Eslaiman y Diego Giuliano por el sector del Frente Renovador. Y H\u00e9ctor Daer, Pablo Moyano, Hugo Yasky, Sergio Palazzo y Abel Furlan en representaci\u00f3n del sindicalismo.<\/p>\n","protected":false},"excerpt":{"rendered":"<p>La Mesa Nacional del Frente de Todos mantuvo su primera reuni\u00f3n hasta altas horas de la madrugada de este viernes para definir estrategias para postular a un solo candidato a presidente de cara a las elecciones de 2023 y lograr retener el poder a trav\u00e9s de la unidad. En ese marco, el kirchnerismo impuso la &hellip;<\/p>\n","protected":false},"author":2,"featured_media":71997,"comment_status":"open","ping_status":"open","sticky":false,"template":"","format":"standard","meta":{"_jetpack_memberships_contains_paid_content":false,"footnotes":"","jetpack_publicize_message":"","jetpack_publicize_feature_enabled":true,"jetpack_social_post_already_shared":true,"jetpack_social_options":{"image_generator_settings":{"template":"highway","default_image_id":0,"font":"","enabled":false},"version":2}},"categories":[639,14,12],"tags":[],"class_list":["post-71996","post","type-post","status-publish","format-standard","has-post-thumbnail","hentry","category-argentina","category-politica","category-ultimo"],"jetpack_publicize_connections":[],"jetpack_featured_media_url":"https:\/\/portalmovil.com.ar\/wp-content\/uploads\/2023\/02\/566789w850h478c.jpg.webp","jetpack_sharing_enabled":true,"amp_enabled":true,"_links":{"self":[{"href":"https:\/\/portalmovil.com.ar\/index.php\/wp-json\/wp\/v2\/posts\/71996","targetHints":{"allow":["GET"]}}],"collection":[{"href":"https:\/\/portalmovil.com.ar\/index.php\/wp-json\/wp\/v2\/posts"}],"about":[{"href":"https:\/\/portalmovil.com.ar\/index.php\/wp-json\/wp\/v2\/types\/post"}],"author":[{"embeddable":true,"href":"https:\/\/portalmovil.com.ar\/index.php\/wp-json\/wp\/v2\/users\/2"}],"replies":[{"embeddable":true,"href":"https:\/\/portalmovil.com.ar\/index.php\/wp-json\/wp\/v2\/comments?post=71996"}],"version-history":[{"count":1,"href":"https:\/\/portalmovil.com.ar\/index.php\/wp-json\/wp\/v2\/posts\/71996\/revisions"}],"predecessor-version":[{"id":71998,"href":"https:\/\/portalmovil.com.ar\/index.php\/wp-json\/wp\/v2\/posts\/71996\/revisions\/71998"}],"wp:featuredmedia":[{"embeddable":true,"href":"https:\/\/portalmovil.com.ar\/index.php\/wp-json\/wp\/v2\/media\/71997"}],"wp:attachment":[{"href":"https:\/\/portalmovil.com.ar\/index.php\/wp-json\/wp\/v2\/media?parent=71996"}],"wp:term":[{"taxonomy":"category","embeddable":true,"href":"https:\/\/portalmovil.com.ar\/index.php\/wp-json\/wp\/v2\/categories?post=71996"},{"taxonomy":"post_tag","embeddable":true,"href":"https:\/\/portalmovil.com.ar\/index.php\/wp-json\/wp\/v2\/tags?post=71996"}],"curies":[{"name":"wp","href":"https:\/\/api.w.org\/{rel}","templated":true}]}}