{"id":718,"date":"2020-01-24T01:27:15","date_gmt":"2020-01-24T04:27:15","guid":{"rendered":"http:\/\/portalmovil.com.ar\/?p=718"},"modified":"2020-01-24T01:27:22","modified_gmt":"2020-01-24T04:27:22","slug":"nacho-fernandez-firmo-su-renovacion-del-contrato-y-seguira-en-river","status":"publish","type":"post","link":"https:\/\/portalmovil.com.ar\/index.php\/2020\/01\/24\/nacho-fernandez-firmo-su-renovacion-del-contrato-y-seguira-en-river\/","title":{"rendered":"Nacho Fern\u00e1ndez firm\u00f3 su renovaci\u00f3n del contrato y seguir\u00e1 en River"},"content":{"rendered":"<p><span style=\"color: #000080;\"><strong>Ignacio Fern\u00e1ndez<\/strong><\/span>\u00a0firm\u00f3 esta tarde la renovaci\u00f3n de su contrato con\u00a0<span style=\"color: #000080;\"><strong>River\u00a0<\/strong><\/span>hasta<strong>\u00a0<span style=\"color: #000080;\">junio de 2023<\/span><\/strong>. De esta manera se disiparon todas las dudas generadas respecto de una posible partida del <strong><span style=\"color: #000080;\">mediocampista<\/span><\/strong> al <strong><span style=\"color: #000080;\">Inte<\/span>r<\/strong> de Porto Alegre.<\/p>\n<p>El propio futbolista de 30 a\u00f1os hab\u00eda planteado la duda sobre su futuro luego de la obtenci\u00f3n de la Copa Argentina, pensando en una transferencia al f\u00fatbol del exterior que le permitiera hacer una\u00a0<span style=\"color: #000080;\"><strong>buena diferencia econ\u00f3mica.<\/strong><\/span><\/p>\n<p>Pero tanto el entrenador <strong><span style=\"color: #000080;\">Marcelo<\/span><\/strong> Gallardo como la dirigencia encabezada por <strong><span style=\"color: #000080;\">Rodolfo D&#8217;Onofrio<\/span><\/strong> se encargaron de<span style=\"color: #000080;\">\u00a0<strong>darle tranquilidad<\/strong><\/span>\u00a0a los hinchas millonarios en cada intervenci\u00f3n p\u00fablica.<\/p>\n\n\n<figure class=\"wp-block-embed-twitter wp-block-embed is-type-rich is-provider-twitter\"><div class=\"wp-block-embed__wrapper\">\n<div class=\"embed-twitter\"><blockquote class=\"twitter-tweet\" data-width=\"500\" data-dnt=\"true\"><p lang=\"es\" dir=\"ltr\">\ud83d\ude03 El desaf\u00edo de ir siempre por m\u00e1s. \ud83d\udcaa\ud83c\udffd<br><br>Ignacio Fern\u00e1ndez firm\u00f3 la extensi\u00f3n de su contrato con el M\u00e1s Grande hasta junio de 2\ufe0f\u20e30\ufe0f\u20e32\ufe0f\u20e33\ufe0f\u20e3 <a href=\"https:\/\/t.co\/n2z0iWJjqr\">pic.twitter.com\/n2z0iWJjqr<\/a><\/p>&mdash; River Plate (@RiverPlate) <a href=\"https:\/\/twitter.com\/RiverPlate\/status\/1220486239574425601?ref_src=twsrc%5Etfw\">January 23, 2020<\/a><\/blockquote><script async src=\"https:\/\/platform.twitter.com\/widgets.js\" charset=\"utf-8\"><\/script><\/div>\n<\/div><\/figure>\n\n\n<p>Este jueves, ese optimismo se transform\u00f3 en realidad cuando el club, a trav\u00e9s de su cuenta oficial en la red social <span style=\"color: #000080;\"><strong>Twitter,<\/strong><\/span> public\u00f3 la imagen del presidente D&#8217;Onofrio y Fern\u00e1ndez firmando el nuevo contrato.<\/p>\n<p>El flamante v\u00ednculo tiene una importante<strong>\u00a0<span style=\"color: #000080;\">mejora en el sueldo<\/span>\u00a0<\/strong>y se extiende hasta 2023.<\/p>\n\n\n<p><\/p>\n","protected":false},"excerpt":{"rendered":"<p>Ignacio Fern\u00e1ndez\u00a0firm\u00f3 esta tarde la renovaci\u00f3n de su contrato con\u00a0River\u00a0hasta\u00a0junio de 2023. De esta manera se disiparon todas las dudas generadas respecto de una posible partida del mediocampista al Inter de Porto Alegre. El propio futbolista de 30 a\u00f1os hab\u00eda planteado la duda sobre su futuro luego de la obtenci\u00f3n de la Copa Argentina, pensando &hellip;<\/p>\n","protected":false},"author":2,"featured_media":719,"comment_status":"open","ping_status":"open","sticky":true,"template":"","format":"standard","meta":{"_jetpack_memberships_contains_paid_content":false,"footnotes":"","jetpack_publicize_message":"","jetpack_publicize_feature_enabled":true,"jetpack_social_post_already_shared":true,"jetpack_social_options":{"image_generator_settings":{"template":"highway","default_image_id":0,"font":"","enabled":false},"version":2}},"categories":[15,12],"tags":[],"class_list":["post-718","post","type-post","status-publish","format-standard","has-post-thumbnail","hentry","category-deportes","category-ultimo"],"jetpack_publicize_connections":[],"jetpack_featured_media_url":"https:\/\/portalmovil.com.ar\/wp-content\/uploads\/2020\/01\/i.jpg","jetpack_sharing_enabled":true,"amp_enabled":true,"_links":{"self":[{"href":"https:\/\/portalmovil.com.ar\/index.php\/wp-json\/wp\/v2\/posts\/718","targetHints":{"allow":["GET"]}}],"collection":[{"href":"https:\/\/portalmovil.com.ar\/index.php\/wp-json\/wp\/v2\/posts"}],"about":[{"href":"https:\/\/portalmovil.com.ar\/index.php\/wp-json\/wp\/v2\/types\/post"}],"author":[{"embeddable":true,"href":"https:\/\/portalmovil.com.ar\/index.php\/wp-json\/wp\/v2\/users\/2"}],"replies":[{"embeddable":true,"href":"https:\/\/portalmovil.com.ar\/index.php\/wp-json\/wp\/v2\/comments?post=718"}],"version-history":[{"count":1,"href":"https:\/\/portalmovil.com.ar\/index.php\/wp-json\/wp\/v2\/posts\/718\/revisions"}],"predecessor-version":[{"id":720,"href":"https:\/\/portalmovil.com.ar\/index.php\/wp-json\/wp\/v2\/posts\/718\/revisions\/720"}],"wp:featuredmedia":[{"embeddable":true,"href":"https:\/\/portalmovil.com.ar\/index.php\/wp-json\/wp\/v2\/media\/719"}],"wp:attachment":[{"href":"https:\/\/portalmovil.com.ar\/index.php\/wp-json\/wp\/v2\/media?parent=718"}],"wp:term":[{"taxonomy":"category","embeddable":true,"href":"https:\/\/portalmovil.com.ar\/index.php\/wp-json\/wp\/v2\/categories?post=718"},{"taxonomy":"post_tag","embeddable":true,"href":"https:\/\/portalmovil.com.ar\/index.php\/wp-json\/wp\/v2\/tags?post=718"}],"curies":[{"name":"wp","href":"https:\/\/api.w.org\/{rel}","templated":true}]}}