{"id":7175,"date":"2020-06-01T22:10:51","date_gmt":"2020-06-02T01:10:51","guid":{"rendered":"http:\/\/portalmovil.com.ar\/?p=7175"},"modified":"2020-06-01T22:11:03","modified_gmt":"2020-06-02T01:11:03","slug":"colonia-aborigen-lo-detuvieron-por-herir-con-un-punal-a-su-propio-tio","status":"publish","type":"post","link":"https:\/\/portalmovil.com.ar\/index.php\/2020\/06\/01\/colonia-aborigen-lo-detuvieron-por-herir-con-un-punal-a-su-propio-tio\/","title":{"rendered":"COLONIA ABORIGEN: lo detuvieron por herir con un pu\u00f1al a su propio t\u00edo"},"content":{"rendered":"\n<p>Esta madrugada, efectivos de la Comisar\u00eda de Colonia Aborigen detuvieron a un hombre que habr\u00eda herido a su t\u00edo, con un arma blanca.<\/p>\n\n\n\n<p>Alrededor de las 1.30, los uniformaron tomaron conocimiento de que en el lote 43, Colonia Blas Parera, hab\u00eda una persona herida.<\/p>\n\n\n\n<p>Al llegar, se encontraron con un hombre de 52 a\u00f1os, quien ten\u00eda una herida presumiblemente producida con un arma blanca.<\/p>\n\n\n\n<p>R\u00e1pidamente, se arbitraron los medios para que sea asistido.<\/p>\n\n\n\n<p>Minutos despu\u00e9s, llegaron m\u00e9dicos del Hospital de Quitilipi, quienes lo asistieron y trasladaron a dicho nosocomio.<\/p>\n\n\n\n<h3 class=\"wp-block-heading\">LA DETENCI\u00d3N DE PRESUNTO AUTOR<\/h3>\n\n\n\n<p>De investigaciones realizadas se estableci\u00f3 que el presunto autor, ser\u00eda sobrino de la persona herida.<\/p>\n\n\n\n<p>Tras diagramar un operativo lograron detenerlo en la vera de la ruta, en una tranquera.<br>Luego de determinar que ten\u00eda 32 a\u00f1os, se incaut\u00f3 un pu\u00f1al, que ten\u00eda entre sus prendas de vestir.<\/p>\n\n\n\n<p>Finalmente, el aprehendido junto al secuestro, fue llevado a la unidad a los fines legales pertinentes.<\/p>\n","protected":false},"excerpt":{"rendered":"<p>Esta madrugada, efectivos de la Comisar\u00eda de Colonia Aborigen detuvieron a un hombre que habr\u00eda herido a su t\u00edo, con un arma blanca. Alrededor de las 1.30, los uniformaron tomaron conocimiento de que en el lote 43, Colonia Blas Parera, hab\u00eda una persona herida. Al llegar, se encontraron con un hombre de 52 a\u00f1os, quien &hellip;<\/p>\n","protected":false},"author":2,"featured_media":7176,"comment_status":"open","ping_status":"open","sticky":false,"template":"","format":"standard","meta":{"_jetpack_memberships_contains_paid_content":false,"footnotes":"","jetpack_publicize_message":"","jetpack_publicize_feature_enabled":true,"jetpack_social_post_already_shared":true,"jetpack_social_options":{"image_generator_settings":{"template":"highway","default_image_id":0,"font":"","enabled":false},"version":2}},"categories":[42,8],"tags":[],"class_list":["post-7175","post","type-post","status-publish","format-standard","has-post-thumbnail","hentry","category-interior","category-policiales"],"jetpack_publicize_connections":[],"jetpack_featured_media_url":"https:\/\/portalmovil.com.ar\/wp-content\/uploads\/2020\/06\/WhatsApp-Image-2020-06-01-at-22.09.58.jpeg","jetpack_sharing_enabled":true,"amp_enabled":true,"_links":{"self":[{"href":"https:\/\/portalmovil.com.ar\/index.php\/wp-json\/wp\/v2\/posts\/7175","targetHints":{"allow":["GET"]}}],"collection":[{"href":"https:\/\/portalmovil.com.ar\/index.php\/wp-json\/wp\/v2\/posts"}],"about":[{"href":"https:\/\/portalmovil.com.ar\/index.php\/wp-json\/wp\/v2\/types\/post"}],"author":[{"embeddable":true,"href":"https:\/\/portalmovil.com.ar\/index.php\/wp-json\/wp\/v2\/users\/2"}],"replies":[{"embeddable":true,"href":"https:\/\/portalmovil.com.ar\/index.php\/wp-json\/wp\/v2\/comments?post=7175"}],"version-history":[{"count":1,"href":"https:\/\/portalmovil.com.ar\/index.php\/wp-json\/wp\/v2\/posts\/7175\/revisions"}],"predecessor-version":[{"id":7177,"href":"https:\/\/portalmovil.com.ar\/index.php\/wp-json\/wp\/v2\/posts\/7175\/revisions\/7177"}],"wp:featuredmedia":[{"embeddable":true,"href":"https:\/\/portalmovil.com.ar\/index.php\/wp-json\/wp\/v2\/media\/7176"}],"wp:attachment":[{"href":"https:\/\/portalmovil.com.ar\/index.php\/wp-json\/wp\/v2\/media?parent=7175"}],"wp:term":[{"taxonomy":"category","embeddable":true,"href":"https:\/\/portalmovil.com.ar\/index.php\/wp-json\/wp\/v2\/categories?post=7175"},{"taxonomy":"post_tag","embeddable":true,"href":"https:\/\/portalmovil.com.ar\/index.php\/wp-json\/wp\/v2\/tags?post=7175"}],"curies":[{"name":"wp","href":"https:\/\/api.w.org\/{rel}","templated":true}]}}