{"id":71619,"date":"2023-02-12T18:19:28","date_gmt":"2023-02-12T21:19:28","guid":{"rendered":"https:\/\/portalmovil.com.ar\/?p=71619"},"modified":"2023-02-12T18:21:47","modified_gmt":"2023-02-12T21:21:47","slug":"caso-lucio-postergan-la-lectura-de-sentencia-para-las-feminazis","status":"publish","type":"post","link":"https:\/\/portalmovil.com.ar\/index.php\/2023\/02\/12\/caso-lucio-postergan-la-lectura-de-sentencia-para-las-feminazis\/","title":{"rendered":"Caso Lucio: postergan la lectura de sentencia para las feminazis"},"content":{"rendered":"\n<p>La lectura de la sentencia por el crimen de&nbsp;<strong>Lucio Dupuy<\/strong>, que estaba prevista para este lunes 13 de febrero, fue postergada, y ese d\u00eda se escuchar\u00e1n las apelaciones de los fiscales, la querella y los defensores de las acusadas, Magdalena Esp\u00f3sito Valenti y Abigail P\u00e1ez.<\/p>\n\n\n\n<p>El 2 de febrero, el Tribunal de Santa Rosa dio el veredicto en el que encontr\u00f3 culpables a Magdalena Esp\u00f3sito Valenti y Abigail P\u00e1ez por el asesinato y abuso sexual de Lucio Dupuy,&nbsp;y anunciaron que dar\u00edan a conocer la sentencia el 13 de febrero.<\/p>\n\n\n\n<p>En ese d\u00eda, los jueces resolvieron declarar a la madre de Lucio,&nbsp;<strong>Magdalena Esposito Valenti<\/strong>, \u00abautora material y penalmente responsable de homicidio triplemente calificado por el v\u00ednculo, alevos\u00eda y ensa\u00f1amiento\u00bb.<\/p>\n\n\n\n<p>Adem\u00e1s, declararon a su pareja, Abigail P\u00e1ez,&nbsp;\u00abautora material y penalmente responsable del homicidio doblemente agravado por alevos\u00eda y ensa\u00f1amiento en concurso real con el delito de abuso sexual, acceso carnal por v\u00eda anal ejecutado con un objeto f\u00e1lico, agravado por tratarse de la guardadora y por haberse cometido contra un menor de 18 a\u00f1os de edad\u00bb.<\/p>\n\n\n\n<h2 class=\"wp-block-heading\">Qu\u00e9 condena recibir\u00e1n la madre de Lucio Dupuy y su pareja<\/h2>\n\n\n\n<p>Teniendo en cuenta los delitos por los que las condenaron lo m\u00e1s probable es que reciban&nbsp;<strong>prisi\u00f3n perpetua<\/strong>, s\u00f3lo faltaba saber cu\u00e1nto sumar\u00e1n los agravantes, algo que iba a saberse con la lectura de la sentencia pero se posterg\u00f3 ante las apelaciones de las partes y no tiene fecha definida, ya que depender\u00e1 de la decisi\u00f3n tras las nuevas presentaciones.<\/p>\n\n\n\n<p>Los fiscales pedir\u00e1n que la madre tambi\u00e9n sea condenada por abuso sexual ultrajante, al igual que el abogado querellante, Jos\u00e9 Mario Aguerrido, quien adem\u00e1s volver\u00e1 a plantear que el asesinato de Lucio fue un&nbsp;\u00abcrimen de odio\u00bb,&nbsp;por su condici\u00f3n de var\u00f3n.<\/p>\n\n\n\n<p>Por su parte, la defensora oficial&nbsp;<strong>Silvina Blanco<\/strong>, quien representa a P\u00e1ez, insistir\u00e1 en poner en duda parte de la autopsia del m\u00e9dico Juan Carlos Toulousse y encuadrar el hecho en un homicidio preterintencional. Tambi\u00e9n pedir\u00e1 la absoluci\u00f3n del abuso sexual por la \u00abduda razonable\u00bb.<\/p>\n\n\n\n<p>El defensor Pablo de Biasi, abogado de Esp\u00f3sito, pedir\u00e1 la absoluci\u00f3n de su clienta por el delito de homicidio agravado con el argumento de que&nbsp;no estuvo en el momento de la agresi\u00f3n que le produjo la muerte.&nbsp;Tambi\u00e9n, buscar\u00e1 que el hecho se encuadre en un caso de violencia de g\u00e9nero por parte de Christian Dupuy.<\/p>\n","protected":false},"excerpt":{"rendered":"<p>La lectura de la sentencia por el crimen de&nbsp;Lucio Dupuy, que estaba prevista para este lunes 13 de febrero, fue postergada, y ese d\u00eda se escuchar\u00e1n las apelaciones de los fiscales, la querella y los defensores de las acusadas, Magdalena Esp\u00f3sito Valenti y Abigail P\u00e1ez. El 2 de febrero, el Tribunal de Santa Rosa dio &hellip;<\/p>\n","protected":false},"author":2,"featured_media":71621,"comment_status":"open","ping_status":"open","sticky":false,"template":"","format":"standard","meta":{"_jetpack_memberships_contains_paid_content":false,"footnotes":"","jetpack_publicize_message":"","jetpack_publicize_feature_enabled":true,"jetpack_social_post_already_shared":true,"jetpack_social_options":{"image_generator_settings":{"template":"highway","default_image_id":0,"font":"","enabled":false},"version":2}},"categories":[639,50],"tags":[],"class_list":["post-71619","post","type-post","status-publish","format-standard","has-post-thumbnail","hentry","category-argentina","category-judiciales"],"jetpack_publicize_connections":[],"jetpack_featured_media_url":"https:\/\/portalmovil.com.ar\/wp-content\/uploads\/2023\/02\/fd868bca-6f02-4003-96bd-7293c052793e_16-9-discover-aspect-ratio_default_0.jpg","jetpack_sharing_enabled":true,"amp_enabled":true,"_links":{"self":[{"href":"https:\/\/portalmovil.com.ar\/index.php\/wp-json\/wp\/v2\/posts\/71619","targetHints":{"allow":["GET"]}}],"collection":[{"href":"https:\/\/portalmovil.com.ar\/index.php\/wp-json\/wp\/v2\/posts"}],"about":[{"href":"https:\/\/portalmovil.com.ar\/index.php\/wp-json\/wp\/v2\/types\/post"}],"author":[{"embeddable":true,"href":"https:\/\/portalmovil.com.ar\/index.php\/wp-json\/wp\/v2\/users\/2"}],"replies":[{"embeddable":true,"href":"https:\/\/portalmovil.com.ar\/index.php\/wp-json\/wp\/v2\/comments?post=71619"}],"version-history":[{"count":2,"href":"https:\/\/portalmovil.com.ar\/index.php\/wp-json\/wp\/v2\/posts\/71619\/revisions"}],"predecessor-version":[{"id":71622,"href":"https:\/\/portalmovil.com.ar\/index.php\/wp-json\/wp\/v2\/posts\/71619\/revisions\/71622"}],"wp:featuredmedia":[{"embeddable":true,"href":"https:\/\/portalmovil.com.ar\/index.php\/wp-json\/wp\/v2\/media\/71621"}],"wp:attachment":[{"href":"https:\/\/portalmovil.com.ar\/index.php\/wp-json\/wp\/v2\/media?parent=71619"}],"wp:term":[{"taxonomy":"category","embeddable":true,"href":"https:\/\/portalmovil.com.ar\/index.php\/wp-json\/wp\/v2\/categories?post=71619"},{"taxonomy":"post_tag","embeddable":true,"href":"https:\/\/portalmovil.com.ar\/index.php\/wp-json\/wp\/v2\/tags?post=71619"}],"curies":[{"name":"wp","href":"https:\/\/api.w.org\/{rel}","templated":true}]}}