{"id":71566,"date":"2023-02-10T20:59:13","date_gmt":"2023-02-10T23:59:13","guid":{"rendered":"https:\/\/portalmovil.com.ar\/?p=71566"},"modified":"2023-02-10T20:59:25","modified_gmt":"2023-02-10T23:59:25","slug":"acusan-a-la-corte-suprema-por-la-avanzada-del-narcotrafico-en-santa-fe","status":"publish","type":"post","link":"https:\/\/portalmovil.com.ar\/index.php\/2023\/02\/10\/acusan-a-la-corte-suprema-por-la-avanzada-del-narcotrafico-en-santa-fe\/","title":{"rendered":"Acusan a la Corte Suprema por la avanzada del narcotr\u00e1fico en Santa Fe"},"content":{"rendered":"\n<p>El jefe del bloque del Frente de Todos en Diputados,&nbsp;<strong>Germ\u00e1n Mart\u00ednez<\/strong>,&nbsp;<strong>critic\u00f3 a la Corte Suprema de Justicia<\/strong>&nbsp;y le adjudic\u00f3 la&nbsp;<strong>grave situaci\u00f3n del narcotr\u00e1fico que ocurre en Santa Fe.&nbsp;<\/strong><\/p>\n\n\n\n<p>En declaraciones radiales, el santafesino argument\u00f3: \u00ab<strong>Estamos con grav\u00edsimos problemas con respecto al desarrollo del delito narco en Santa Fe<\/strong>. Para el combate al delito narco, adem\u00e1s de las Fuerzas de Seguridad, necesit\u00e1s fiscal\u00edas y juzgados federales absolutamente activados alrededor de este tema:&nbsp;<strong>hoy hay una enorme cantidad de vacantes en la provincia de Santa Fe porque el Consejo de la Magistratura est\u00e1 paralizado<\/strong>\u00ab.<\/p>\n\n\n\n<p>En ese sentido, el diputado oficialista se\u00f1al\u00f3 que el hecho de \u00ab<strong>que el Consejo de la Magistratura est\u00e9 paralizado significa menos jueces para Santa Fe, o sea menor capacidad de poder combatir al delito narco<\/strong>\u00ab.<\/p>\n\n\n\n<p>Luego, ahond\u00f3 sobre la cuesti\u00f3n del juicio pol\u00edtico a los cuatro integrantes de la Corte y se mostr\u00f3 confiado en poder sumar apoyo de otros espacios a medida de que se conozcan todas las pruebas contra los jueces. As\u00ed, Mart\u00ednez dijo que el consenso&nbsp;<strong>\u00abva a ir en crecimiento\u00bb<\/strong>&nbsp;porque \u00ab<strong>vamos a poder demostrar dentro del \u00e1mbito de la Comisi\u00f3n de Juicio Pol\u00edtico el rigor y la importancia de las acusaciones que estamos realizando<\/strong>\u00ab.<\/p>\n\n\n\n<p>En ese marco, critic\u00f3 a la oposici\u00f3n de haber \u00ab<strong>tratado de descalificar diciendo que se quer\u00eda montar un circo, un show y fue todo lo contrario<\/strong>\u00ab. De todas maneras, destac\u00f3 la reuni\u00f3n del jueves pasado de la Comisi\u00f3n de Juicio Pol\u00edtico y la calific\u00f3 como&nbsp;<strong>\u00abun buen debate\u00bb.<\/strong>&nbsp;\u00ab<strong>Ayer fue un buen debate en t\u00e9rminos generales y eso ayuda a legitimar el proceso y poder explicarlo<\/strong>\u00ab, explic\u00f3 el legislador.&nbsp;<\/p>\n","protected":false},"excerpt":{"rendered":"<p>El jefe del bloque del Frente de Todos en Diputados,&nbsp;Germ\u00e1n Mart\u00ednez,&nbsp;critic\u00f3 a la Corte Suprema de Justicia&nbsp;y le adjudic\u00f3 la&nbsp;grave situaci\u00f3n del narcotr\u00e1fico que ocurre en Santa Fe.&nbsp; En declaraciones radiales, el santafesino argument\u00f3: \u00abEstamos con grav\u00edsimos problemas con respecto al desarrollo del delito narco en Santa Fe. Para el combate al delito narco, adem\u00e1s &hellip;<\/p>\n","protected":false},"author":2,"featured_media":71567,"comment_status":"open","ping_status":"open","sticky":false,"template":"","format":"standard","meta":{"_jetpack_memberships_contains_paid_content":false,"footnotes":"","jetpack_publicize_message":"","jetpack_publicize_feature_enabled":true,"jetpack_social_post_already_shared":true,"jetpack_social_options":{"image_generator_settings":{"template":"highway","default_image_id":0,"font":"","enabled":false},"version":2}},"categories":[639,14],"tags":[],"class_list":["post-71566","post","type-post","status-publish","format-standard","has-post-thumbnail","hentry","category-argentina","category-politica"],"jetpack_publicize_connections":[],"jetpack_featured_media_url":"https:\/\/portalmovil.com.ar\/wp-content\/uploads\/2023\/02\/bd9594e982553aa4c1c77462e6f3f9d6.jpg","jetpack_sharing_enabled":true,"amp_enabled":true,"_links":{"self":[{"href":"https:\/\/portalmovil.com.ar\/index.php\/wp-json\/wp\/v2\/posts\/71566","targetHints":{"allow":["GET"]}}],"collection":[{"href":"https:\/\/portalmovil.com.ar\/index.php\/wp-json\/wp\/v2\/posts"}],"about":[{"href":"https:\/\/portalmovil.com.ar\/index.php\/wp-json\/wp\/v2\/types\/post"}],"author":[{"embeddable":true,"href":"https:\/\/portalmovil.com.ar\/index.php\/wp-json\/wp\/v2\/users\/2"}],"replies":[{"embeddable":true,"href":"https:\/\/portalmovil.com.ar\/index.php\/wp-json\/wp\/v2\/comments?post=71566"}],"version-history":[{"count":1,"href":"https:\/\/portalmovil.com.ar\/index.php\/wp-json\/wp\/v2\/posts\/71566\/revisions"}],"predecessor-version":[{"id":71568,"href":"https:\/\/portalmovil.com.ar\/index.php\/wp-json\/wp\/v2\/posts\/71566\/revisions\/71568"}],"wp:featuredmedia":[{"embeddable":true,"href":"https:\/\/portalmovil.com.ar\/index.php\/wp-json\/wp\/v2\/media\/71567"}],"wp:attachment":[{"href":"https:\/\/portalmovil.com.ar\/index.php\/wp-json\/wp\/v2\/media?parent=71566"}],"wp:term":[{"taxonomy":"category","embeddable":true,"href":"https:\/\/portalmovil.com.ar\/index.php\/wp-json\/wp\/v2\/categories?post=71566"},{"taxonomy":"post_tag","embeddable":true,"href":"https:\/\/portalmovil.com.ar\/index.php\/wp-json\/wp\/v2\/tags?post=71566"}],"curies":[{"name":"wp","href":"https:\/\/api.w.org\/{rel}","templated":true}]}}