{"id":71491,"date":"2023-02-10T09:57:25","date_gmt":"2023-02-10T12:57:25","guid":{"rendered":"https:\/\/portalmovil.com.ar\/?p=71491"},"modified":"2023-02-10T09:57:29","modified_gmt":"2023-02-10T12:57:29","slug":"la-uta-se-declaro-en-estado-de-alerta-y-amenaza-con-un-paro-de-colectivos","status":"publish","type":"post","link":"https:\/\/portalmovil.com.ar\/index.php\/2023\/02\/10\/la-uta-se-declaro-en-estado-de-alerta-y-amenaza-con-un-paro-de-colectivos\/","title":{"rendered":"La UTA se declar\u00f3 en estado de alerta y amenaza con un paro de colectivos"},"content":{"rendered":"\n<p>Desde la dirigencia de la Uni\u00f3n Tranviaria Automotor (UTA), el gremio que agrupa a los choferes de colectivos, informaron que eval\u00faan un paro de trabajadores y de las unidades, para la semana que viene.<\/p>\n\n\n\n<p><br>Seg\u00fan explicaron, hay malestar en el sector por la falta de avances en la definici\u00f3n del aumento salarial de la actividad, y esperan un acuerdo para el primer tramo de las paritarias de 2023.<\/p>\n\n\n\n<p>La advertencia fue lanzada desde la c\u00fapula del gremio que lidera el dirigente Roberto Fern\u00e1ndez nivel nacional, ante las demoras en las negociaciones por la suba salarial que reclaman los choferes y la falta de pago de un suplemento de $ 20.000, acordado en septiembre pasado y que los trabajadores deb\u00edan percibir desde enero.<\/p>\n\n\n\n<p>\u00abEl Gobierno tiene que intervenir para la soluci\u00f3n del acuerdo en paritarias. El aumento es el sost\u00e9n de los trabajadores y no permitiremos ser juguetes de las partes negociadoras. Por lo tanto, si esta semana no tenemos acuerdo habr\u00e1 inconvenientes en los servicios\u00bb, anticiparon.<\/p>\n\n\n\n<p>A mediados de enero, el sindicalista hab\u00eda acercado posiciones con el Gobierno y con representantes de las c\u00e1maras empresarias del transporte de pasajeros para sellar un acuerdo salarial que implicaba un incremento de 31% en tres tramos acumulativos (10% desde enero, 10% desde marzo y 7% restante en mayo) para el primer semestre del a\u00f1o.<\/p>\n\n\n\n<p>El convenio, a pedido del gremio, incorpora una cl\u00e1usula de revisi\u00f3n como garant\u00eda frente a la suba de precios.<\/p>\n\n\n\n<p>Sin embargo, la firma del entendimiento qued\u00f3 atada a la negociaci\u00f3n paralela entre el Ministerio de Transporte y los empresarios por el aumento de los subsidios del Estado al sector. All\u00ed, persisten desacuerdos: los due\u00f1os de los colectivos piden un ajuste en los subsidios mensuales que reciben.<\/p>\n\n\n\n<p>Seg\u00fan fuentes del sector, el Gobierno les ofrece un adicional mensual de $ 5.000 millones durante el primer semestre. Pero ellos dicen que necesitan una recomposici\u00f3n de $ 27.000 millones. La diferencia es bastante amplia, $ 22.000 millones. Esas discrepancias demoran la firma de la paritaria sectorial, por la que ahora el gremio amenaza con medidas de fuerza.<\/p>\n","protected":false},"excerpt":{"rendered":"<p>Desde la dirigencia de la Uni\u00f3n Tranviaria Automotor (UTA), el gremio que agrupa a los choferes de colectivos, informaron que eval\u00faan un paro de trabajadores y de las unidades, para la semana que viene. Seg\u00fan explicaron, hay malestar en el sector por la falta de avances en la definici\u00f3n del aumento salarial de la actividad, &hellip;<\/p>\n","protected":false},"author":2,"featured_media":66410,"comment_status":"open","ping_status":"open","sticky":false,"template":"","format":"standard","meta":{"_jetpack_memberships_contains_paid_content":false,"footnotes":"","jetpack_publicize_message":"","jetpack_publicize_feature_enabled":true,"jetpack_social_post_already_shared":true,"jetpack_social_options":{"image_generator_settings":{"template":"highway","default_image_id":0,"font":"","enabled":false},"version":2}},"categories":[28],"tags":[],"class_list":["post-71491","post","type-post","status-publish","format-standard","has-post-thumbnail","hentry","category-actualidad"],"jetpack_publicize_connections":[],"jetpack_featured_media_url":"https:\/\/portalmovil.com.ar\/wp-content\/uploads\/2022\/11\/314714699_704714401005164_9043445376715078071_n.jpg","jetpack_sharing_enabled":true,"amp_enabled":true,"_links":{"self":[{"href":"https:\/\/portalmovil.com.ar\/index.php\/wp-json\/wp\/v2\/posts\/71491","targetHints":{"allow":["GET"]}}],"collection":[{"href":"https:\/\/portalmovil.com.ar\/index.php\/wp-json\/wp\/v2\/posts"}],"about":[{"href":"https:\/\/portalmovil.com.ar\/index.php\/wp-json\/wp\/v2\/types\/post"}],"author":[{"embeddable":true,"href":"https:\/\/portalmovil.com.ar\/index.php\/wp-json\/wp\/v2\/users\/2"}],"replies":[{"embeddable":true,"href":"https:\/\/portalmovil.com.ar\/index.php\/wp-json\/wp\/v2\/comments?post=71491"}],"version-history":[{"count":1,"href":"https:\/\/portalmovil.com.ar\/index.php\/wp-json\/wp\/v2\/posts\/71491\/revisions"}],"predecessor-version":[{"id":71492,"href":"https:\/\/portalmovil.com.ar\/index.php\/wp-json\/wp\/v2\/posts\/71491\/revisions\/71492"}],"wp:featuredmedia":[{"embeddable":true,"href":"https:\/\/portalmovil.com.ar\/index.php\/wp-json\/wp\/v2\/media\/66410"}],"wp:attachment":[{"href":"https:\/\/portalmovil.com.ar\/index.php\/wp-json\/wp\/v2\/media?parent=71491"}],"wp:term":[{"taxonomy":"category","embeddable":true,"href":"https:\/\/portalmovil.com.ar\/index.php\/wp-json\/wp\/v2\/categories?post=71491"},{"taxonomy":"post_tag","embeddable":true,"href":"https:\/\/portalmovil.com.ar\/index.php\/wp-json\/wp\/v2\/tags?post=71491"}],"curies":[{"name":"wp","href":"https:\/\/api.w.org\/{rel}","templated":true}]}}