{"id":71454,"date":"2023-02-09T02:29:00","date_gmt":"2023-02-09T05:29:00","guid":{"rendered":"https:\/\/portalmovil.com.ar\/?p=71454"},"modified":"2023-02-09T14:31:53","modified_gmt":"2023-02-09T17:31:53","slug":"iniciaron-las-nuevas-obras-en-el-autodromo-yaco-guarnieri-sera-el-centro-de-importantes-actividades-resalto-martinez","status":"publish","type":"post","link":"https:\/\/portalmovil.com.ar\/index.php\/2023\/02\/09\/iniciaron-las-nuevas-obras-en-el-autodromo-yaco-guarnieri-sera-el-centro-de-importantes-actividades-resalto-martinez\/","title":{"rendered":"Iniciaron las nuevas obras en el Aut\u00f3dromo \u00abYaco Guarnieri\u00bb: \u00abSer\u00e1 el centro de importantes actividades\u00bb, resalt\u00f3 Mart\u00ednez"},"content":{"rendered":"\n<p>Las nuevas obras de la refuncionalizaci\u00f3n del Aut\u00f3dromo Municipal \u00abSantiago Yaco Guarnieri\u00bb comenzaron a ejecutarse este jueves. Se trata de 2.507 metros lineales de nuevo pavimento del circuito y la construcci\u00f3n del kart\u00f3dromo con extensi\u00f3n de 1.200 metros, con un plazo de ejecuci\u00f3n estimado de cuatro meses.<\/p>\n\n\n\n<p>\u00abDe esta manera estamos cumpliendo nuestra palabra, el Aut\u00f3dromo del Pueblo ser\u00e1 centro de importantes actividades, no solo deportivas sino tambi\u00e9n sociales y culturales, con esto vamos a posicionar a Resistencia como polo de grandes eventos\u00bb, indic\u00f3 el Intendente durante la recorrida por el predio durante el inicio de los trabajos.<\/p>\n\n\n\n<p>\u00abHemos tenido un inicio de a\u00f1o con gran actividad econ\u00f3mica y que la Ciudad y la Provincia necesitaba, por ejemplo, el programa Modo Verano y los festejos por los 145 a\u00f1os de Resistencia, que reunieron de jueves a domingos, en barrios y parques urbanos, a cerca de 1.500.000 de personas\u00bb, indic\u00f3.<\/p>\n\n\n\n<p>En ese aspecto, dijo que \u00abmiles de emprendedores, adem\u00e1s de los sectores gastron\u00f3micos y hoteleros, se beneficiaron con estos eventos masivos\u00bb.<\/p>\n\n\n\n<p>\u00abSe moviliz\u00f3 la econom\u00eda, estamos en condiciones de posicionar a Resistencia como gran centro de grandes eventos y el aut\u00f3dromo es una pieza fundamental, no hay que olvidar que hasta hace pocos a\u00f1os estaba abandonado, pero con el acompa\u00f1amiento de la Legislatura lo recuperamos para la gente\u00bb, subray\u00f3.<\/p>\n\n\n\n<p>Y sigui\u00f3 diciendo: \u00abEn pocos meses lo pusimos en movimiento, el a\u00f1o pasado trabajamos en todas las actividades, como ser carreras de autos, motos, aeromodelismo, eventos de nivel nacional como el recital gratuito de Abel Pintos y las recepciones, sin costo alguno para los estudiantes\u00bb.<\/p>\n\n\n\n<p>\u00abEs muy positivo -continu\u00f3 -, y ahora iniciamos esta etapa con m\u00e1s infraestructura de calidad tanto en la pista como en la construcci\u00f3n del kart\u00f3dromo, haciendo gestiones para traer fechas del calendario del Zonal chaque\u00f1o y santafesino, el karting nacional e iluminaci\u00f3n de la recta para las picadas\u00bb.<\/p>\n\n\n\n<h2 class=\"wp-block-heading\"><strong>OBRAS DE AMPLIACI\u00d3N<\/strong><\/h2>\n\n\n\n<p>Federico Maza, subsecretario municipal de Deportes, consign\u00f3 que esta intervenci\u00f3n contempla la ampliaci\u00f3n de dos grandes curvas que permitan que otras categor\u00edas del automovilismo nacional puedan correr en Resistencia.<\/p>\n\n\n\n<p>Tambi\u00e9n se incluye, para las pr\u00f3ximas etapas, la construcci\u00f3n de un nuevo acceso al aut\u00f3dromo pero por la autov\u00eda de la ruta nacional 16.<\/p>\n\n\n\n<p>En su etapa inicial se realizar\u00e1n trabajos en el circuito actual, seg\u00fan recomendaciones de Comisi\u00f3n Deportiva Automovil\u00edstica del Autom\u00f3vil Club Argentino, y se construir\u00e1 un kart\u00f3dromo, que estar\u00e1 Iluminado en la etapa final de predio, con caracter\u00edsticas capaces de albergar &nbsp;al Campeonato Argentino, con un largo aproximado de 1200 metros.<\/p>\n\n\n\n<p>Estos trabajos extienden el circuito a un m\u00e1ximo de 4.200 metros y presentar\u00e1 2 variantes menores. Adem\u00e1s, ocasionar\u00e1n una modificaci\u00f3n de l\u00edmites de pista en gran parte del predio. Las mismas mantendr\u00e1n un ancho promedio de 12 metros ya que realizar un ensanche de la misma traer\u00e1 complicaciones a futuro.<\/p>\n\n\n\n<p>Tambi\u00e9n se incorporar\u00e1n nuevos elementos de seguridad, como ser pianos de nueva generaci\u00f3n y sobrepianos, entre otros.<\/p>\n\n\n\n<h2 class=\"wp-block-heading\"><strong>VOCES DE ESPECIALISTAS<\/strong><\/h2>\n\n\n\n<p>Nicol\u00e1s Anello, a cargo del proyecto en la pista del aut\u00f3dromo, se\u00f1al\u00f3: \u00abSe deber\u00e1n mejorar algunos desniveles en la pista, en esto habr\u00e1 que trabajar para mejorar y brindar las condiciones de seguridad\u00bb.<\/p>\n\n\n\n<p>Leonardo Stella, uno de los dise\u00f1adores del kart\u00f3dromo, dijo que este proyecto fue homologado por la CDA (Comisi\u00f3n Deportiva Automovil\u00edstica) del Autom\u00f3vil Club Argentino, elaborado para la presentaci\u00f3n de competencias nacionales.<\/p>\n\n\n\n<p>A su vez, el piloto Oscar \u00abZapallito\u00bb S\u00e1nchez, expres\u00f3: \u00abEsto es un inicio, viene la parte que m\u00e1s cuesta, hay mucho que hacer como ser trabajar en el sector de pianos y pistas nuevas, como piloto les doy mi punto de vista a trav\u00e9s de mi experiencia\u00bb.<\/p>\n","protected":false},"excerpt":{"rendered":"<p>Las nuevas obras de la refuncionalizaci\u00f3n del Aut\u00f3dromo Municipal \u00abSantiago Yaco Guarnieri\u00bb comenzaron a ejecutarse este jueves. Se trata de 2.507 metros lineales de nuevo pavimento del circuito y la construcci\u00f3n del kart\u00f3dromo con extensi\u00f3n de 1.200 metros, con un plazo de ejecuci\u00f3n estimado de cuatro meses. \u00abDe esta manera estamos cumpliendo nuestra palabra, el &hellip;<\/p>\n","protected":false},"author":2,"featured_media":71455,"comment_status":"open","ping_status":"open","sticky":false,"template":"","format":"standard","meta":{"_jetpack_memberships_contains_paid_content":false,"footnotes":"","jetpack_publicize_message":"","jetpack_publicize_feature_enabled":true,"jetpack_social_post_already_shared":true,"jetpack_social_options":{"image_generator_settings":{"template":"highway","default_image_id":0,"font":"","enabled":false},"version":2}},"categories":[14,37],"tags":[],"class_list":["post-71454","post","type-post","status-publish","format-standard","has-post-thumbnail","hentry","category-politica","category-resistencia"],"jetpack_publicize_connections":[],"jetpack_featured_media_url":"https:\/\/portalmovil.com.ar\/wp-content\/uploads\/2023\/02\/566238w850h567c.jpg.webp","jetpack_sharing_enabled":true,"amp_enabled":true,"_links":{"self":[{"href":"https:\/\/portalmovil.com.ar\/index.php\/wp-json\/wp\/v2\/posts\/71454","targetHints":{"allow":["GET"]}}],"collection":[{"href":"https:\/\/portalmovil.com.ar\/index.php\/wp-json\/wp\/v2\/posts"}],"about":[{"href":"https:\/\/portalmovil.com.ar\/index.php\/wp-json\/wp\/v2\/types\/post"}],"author":[{"embeddable":true,"href":"https:\/\/portalmovil.com.ar\/index.php\/wp-json\/wp\/v2\/users\/2"}],"replies":[{"embeddable":true,"href":"https:\/\/portalmovil.com.ar\/index.php\/wp-json\/wp\/v2\/comments?post=71454"}],"version-history":[{"count":1,"href":"https:\/\/portalmovil.com.ar\/index.php\/wp-json\/wp\/v2\/posts\/71454\/revisions"}],"predecessor-version":[{"id":71456,"href":"https:\/\/portalmovil.com.ar\/index.php\/wp-json\/wp\/v2\/posts\/71454\/revisions\/71456"}],"wp:featuredmedia":[{"embeddable":true,"href":"https:\/\/portalmovil.com.ar\/index.php\/wp-json\/wp\/v2\/media\/71455"}],"wp:attachment":[{"href":"https:\/\/portalmovil.com.ar\/index.php\/wp-json\/wp\/v2\/media?parent=71454"}],"wp:term":[{"taxonomy":"category","embeddable":true,"href":"https:\/\/portalmovil.com.ar\/index.php\/wp-json\/wp\/v2\/categories?post=71454"},{"taxonomy":"post_tag","embeddable":true,"href":"https:\/\/portalmovil.com.ar\/index.php\/wp-json\/wp\/v2\/tags?post=71454"}],"curies":[{"name":"wp","href":"https:\/\/api.w.org\/{rel}","templated":true}]}}