{"id":71443,"date":"2023-02-09T10:51:09","date_gmt":"2023-02-09T13:51:09","guid":{"rendered":"https:\/\/portalmovil.com.ar\/?p=71443"},"modified":"2023-02-09T10:51:11","modified_gmt":"2023-02-09T13:51:11","slug":"internan-a-un-joven-que-fue-atacado-a-cuchillazos-en-plena-calle-de-presidencia-de-la-plaza","status":"publish","type":"post","link":"https:\/\/portalmovil.com.ar\/index.php\/2023\/02\/09\/internan-a-un-joven-que-fue-atacado-a-cuchillazos-en-plena-calle-de-presidencia-de-la-plaza\/","title":{"rendered":"Internan a un joven que fue atacado a cuchillazos en plena calle de Presidencia de la Plaza"},"content":{"rendered":"\n<p>Una mujer de 43 a\u00f1os llam\u00f3 a la Polic\u00eda esta ma\u00f1ana, alrededor de las 6.45, pidiendo la presencia de efectivos ante la presencia de un joven herido a la vera de su domicilio. Cuando los uniformados fueron al lugar encontraron a dos hermanos de 26 y 21 a\u00f1os que minutos antes hab\u00edan participado de una ri\u00f1a con otro joven.<\/p>\n\n\n\n<p>El mayor de los hermanos, identificado como S.G., recibi\u00f3 heridas cortantes en el cuero cabelludo y en la cara.\u00a0Inmediatamente una ambulancia arrib\u00f3 al lugar y traslad\u00f3 a ambos j\u00f3venes hacia el hospital local donde fueron atendidos.<\/p>\n\n\n\n<figure class=\"wp-block-image is-resized\"><img loading=\"lazy\" decoding=\"async\" src=\"https:\/\/www.diariochaco.com\/content\/bucket\/7\/566197w790h444c.jpg.webp\" alt=\"\" width=\"968\" height=\"544\"\/><\/figure>\n\n\n\n<p>Por las heridas recibidas, los dos terminaron traslados hacia el Hospital 4 de Junio de S\u00e1enz Pe\u00f1a para recibir una mejor asistencia. La Polic\u00eda inform\u00f3 por su parte que secuestraron dos armas blancas y que buscan dar con el autor de las heridas.<\/p>\n","protected":false},"excerpt":{"rendered":"<p>Una mujer de 43 a\u00f1os llam\u00f3 a la Polic\u00eda esta ma\u00f1ana, alrededor de las 6.45, pidiendo la presencia de efectivos ante la presencia de un joven herido a la vera de su domicilio. Cuando los uniformados fueron al lugar encontraron a dos hermanos de 26 y 21 a\u00f1os que minutos antes hab\u00edan participado de una &hellip;<\/p>\n","protected":false},"author":2,"featured_media":71444,"comment_status":"open","ping_status":"open","sticky":false,"template":"","format":"standard","meta":{"_jetpack_memberships_contains_paid_content":false,"footnotes":"","jetpack_publicize_message":"","jetpack_publicize_feature_enabled":true,"jetpack_social_post_already_shared":true,"jetpack_social_options":{"image_generator_settings":{"template":"highway","default_image_id":0,"font":"","enabled":false},"version":2}},"categories":[5,8],"tags":[],"class_list":["post-71443","post","type-post","status-publish","format-standard","has-post-thumbnail","hentry","category-chaco","category-policiales"],"jetpack_publicize_connections":[],"jetpack_featured_media_url":"https:\/\/portalmovil.com.ar\/wp-content\/uploads\/2023\/02\/1f959f34-ee81-4c0a-b3cc-88235fa6e712.jpg","jetpack_sharing_enabled":true,"amp_enabled":true,"_links":{"self":[{"href":"https:\/\/portalmovil.com.ar\/index.php\/wp-json\/wp\/v2\/posts\/71443","targetHints":{"allow":["GET"]}}],"collection":[{"href":"https:\/\/portalmovil.com.ar\/index.php\/wp-json\/wp\/v2\/posts"}],"about":[{"href":"https:\/\/portalmovil.com.ar\/index.php\/wp-json\/wp\/v2\/types\/post"}],"author":[{"embeddable":true,"href":"https:\/\/portalmovil.com.ar\/index.php\/wp-json\/wp\/v2\/users\/2"}],"replies":[{"embeddable":true,"href":"https:\/\/portalmovil.com.ar\/index.php\/wp-json\/wp\/v2\/comments?post=71443"}],"version-history":[{"count":1,"href":"https:\/\/portalmovil.com.ar\/index.php\/wp-json\/wp\/v2\/posts\/71443\/revisions"}],"predecessor-version":[{"id":71445,"href":"https:\/\/portalmovil.com.ar\/index.php\/wp-json\/wp\/v2\/posts\/71443\/revisions\/71445"}],"wp:featuredmedia":[{"embeddable":true,"href":"https:\/\/portalmovil.com.ar\/index.php\/wp-json\/wp\/v2\/media\/71444"}],"wp:attachment":[{"href":"https:\/\/portalmovil.com.ar\/index.php\/wp-json\/wp\/v2\/media?parent=71443"}],"wp:term":[{"taxonomy":"category","embeddable":true,"href":"https:\/\/portalmovil.com.ar\/index.php\/wp-json\/wp\/v2\/categories?post=71443"},{"taxonomy":"post_tag","embeddable":true,"href":"https:\/\/portalmovil.com.ar\/index.php\/wp-json\/wp\/v2\/tags?post=71443"}],"curies":[{"name":"wp","href":"https:\/\/api.w.org\/{rel}","templated":true}]}}