{"id":71300,"date":"2023-02-07T20:44:13","date_gmt":"2023-02-07T23:44:13","guid":{"rendered":"https:\/\/portalmovil.com.ar\/?p=71300"},"modified":"2023-02-07T20:45:14","modified_gmt":"2023-02-07T23:45:14","slug":"hombre-tomo-de-rehenes-a-su-ex-pareja-y-sus-hijas-durante-varias-horas","status":"publish","type":"post","link":"https:\/\/portalmovil.com.ar\/index.php\/2023\/02\/07\/hombre-tomo-de-rehenes-a-su-ex-pareja-y-sus-hijas-durante-varias-horas\/","title":{"rendered":"Hombre tom\u00f3 de rehenes a su ex pareja y sus hijas durante varias horas"},"content":{"rendered":"\n<p>El Cuerpo de Operaciones Especiales (COE) y efectivos policiales de la Comisar\u00eda Quinta detuvieron esta ma\u00f1ana a un hombre denunciado por violencia de g\u00e9nero y que al momento de su aprehensi\u00f3n \u201cestaba atrincherado en la casa de su expareja y reten\u00eda a sus peque\u00f1as hijas\u201d. As\u00ed se inform\u00f3 desde la Polic\u00eda del Chaco y se agreg\u00f3 que la diligencia judicial se llev\u00f3 a cabo en avenida Espa\u00f1a al 850.<\/p>\n\n\n\n<p>La denunciante de 40 a\u00f1os, inform\u00f3 al personal policial que su expareja de 41 a\u00f1os, estaba atrincherado en su casa y reten\u00eda a sus peque\u00f1as hijas. La mujer denunci\u00f3 los maltratos en la jornada de ayer en la Primera de Fontana.<\/p>\n\n\n\n<p>Hasta el domicilio, llegaron agentes de la Quinta Metropolitana por razones de jurisdicci\u00f3n junto a otras unidades policiales. El COE, ingres\u00f3 al lugar y redujo al hombre de 41 a\u00f1os, \u201cquien no quer\u00eda dejar la vivienda ni dejaba que sus hijas de 9 y 8 a\u00f1os, se retiren con su madre\u201d, agrega el parte policial.<\/p>\n\n\n\n<p>El aprehendido fue llevado a Medicina Legal y luego alojado en la seccional de jurisdicci\u00f3n.<\/p>\n","protected":false},"excerpt":{"rendered":"<p>El Cuerpo de Operaciones Especiales (COE) y efectivos policiales de la Comisar\u00eda Quinta detuvieron esta ma\u00f1ana a un hombre denunciado por violencia de g\u00e9nero y que al momento de su aprehensi\u00f3n \u201cestaba atrincherado en la casa de su expareja y reten\u00eda a sus peque\u00f1as hijas\u201d. As\u00ed se inform\u00f3 desde la Polic\u00eda del Chaco y se &hellip;<\/p>\n","protected":false},"author":2,"featured_media":71302,"comment_status":"open","ping_status":"open","sticky":false,"template":"","format":"standard","meta":{"_jetpack_memberships_contains_paid_content":false,"footnotes":"","jetpack_publicize_message":"","jetpack_publicize_feature_enabled":true,"jetpack_social_post_already_shared":true,"jetpack_social_options":{"image_generator_settings":{"template":"highway","default_image_id":0,"font":"","enabled":false},"version":2}},"categories":[8,37],"tags":[],"class_list":["post-71300","post","type-post","status-publish","format-standard","has-post-thumbnail","hentry","category-policiales","category-resistencia"],"jetpack_publicize_connections":[],"jetpack_featured_media_url":"https:\/\/portalmovil.com.ar\/wp-content\/uploads\/2023\/02\/9eed474d-aec7-43c1-b1d8-446b17abe63f.jpg","jetpack_sharing_enabled":true,"amp_enabled":true,"_links":{"self":[{"href":"https:\/\/portalmovil.com.ar\/index.php\/wp-json\/wp\/v2\/posts\/71300","targetHints":{"allow":["GET"]}}],"collection":[{"href":"https:\/\/portalmovil.com.ar\/index.php\/wp-json\/wp\/v2\/posts"}],"about":[{"href":"https:\/\/portalmovil.com.ar\/index.php\/wp-json\/wp\/v2\/types\/post"}],"author":[{"embeddable":true,"href":"https:\/\/portalmovil.com.ar\/index.php\/wp-json\/wp\/v2\/users\/2"}],"replies":[{"embeddable":true,"href":"https:\/\/portalmovil.com.ar\/index.php\/wp-json\/wp\/v2\/comments?post=71300"}],"version-history":[{"count":1,"href":"https:\/\/portalmovil.com.ar\/index.php\/wp-json\/wp\/v2\/posts\/71300\/revisions"}],"predecessor-version":[{"id":71301,"href":"https:\/\/portalmovil.com.ar\/index.php\/wp-json\/wp\/v2\/posts\/71300\/revisions\/71301"}],"wp:featuredmedia":[{"embeddable":true,"href":"https:\/\/portalmovil.com.ar\/index.php\/wp-json\/wp\/v2\/media\/71302"}],"wp:attachment":[{"href":"https:\/\/portalmovil.com.ar\/index.php\/wp-json\/wp\/v2\/media?parent=71300"}],"wp:term":[{"taxonomy":"category","embeddable":true,"href":"https:\/\/portalmovil.com.ar\/index.php\/wp-json\/wp\/v2\/categories?post=71300"},{"taxonomy":"post_tag","embeddable":true,"href":"https:\/\/portalmovil.com.ar\/index.php\/wp-json\/wp\/v2\/tags?post=71300"}],"curies":[{"name":"wp","href":"https:\/\/api.w.org\/{rel}","templated":true}]}}