{"id":71149,"date":"2023-02-05T18:01:16","date_gmt":"2023-02-05T21:01:16","guid":{"rendered":"https:\/\/portalmovil.com.ar\/?p=71149"},"modified":"2023-02-05T18:01:23","modified_gmt":"2023-02-05T21:01:23","slug":"las-presas-se-hartaron-de-los-privilegios-de-las-asesinas-de-lucio-dupuy-y-las-amenazaron-de-muerte","status":"publish","type":"post","link":"https:\/\/portalmovil.com.ar\/index.php\/2023\/02\/05\/las-presas-se-hartaron-de-los-privilegios-de-las-asesinas-de-lucio-dupuy-y-las-amenazaron-de-muerte\/","title":{"rendered":"Las presas se hartaron de los privilegios de las asesinas de Lucio Dupuy y las amenazaron de muerte"},"content":{"rendered":"\n<p><strong>Magdalena Esp\u00f3sito Valenti y Abigail P\u00e1ez&nbsp;no estuvieron presentes en la sala de audiencias del Centro Judicial de Santa Rosa cuando se ley\u00f3 el fallo por el crimen de&nbsp;Lucio Dupuy. Sin embargo, las acusadas se enteraron de la condena mientras trabajaban en los talleres de la c\u00e1rcel.<\/strong><\/p>\n\n\n\n<p>\u201cHan vivido la jornada del veredicto como un d\u00eda m\u00e1s. Ellas trabajan en la unidad. Est\u00e1n en la panader\u00eda y en el taller de cotill\u00f3n. Tienen organizados sus d\u00edas con esos trabajos\u201d, se\u00f1al\u00f3 <strong><em>Blanco en\u00a0TN.<\/em><\/strong><\/p>\n\n\n\n<p>\u201cDesde la oficina judicial enviaron v\u00eda mail una copia del veredicto y se le entreg\u00f3. Ni siquiera estuvieron conectadas por Zoom. Y eso que trascendi\u00f3 que lo vieron desde un sill\u00f3n, es humo\u201d, agreg\u00f3.<\/p>\n\n\n\n<p>A su vez, revel\u00f3 que las dem\u00e1s presas que se encuentran alojadas en el Centro de Detenci\u00f3n de la provincia de San Luis est\u00e1n muy enojadas por esta situaci\u00f3n de privilegio que viven las condenadas por el asesinato de&nbsp;<strong>Lucio Dupuy<\/strong>.<\/p>\n\n\n\n<p>A ra\u00edz de esto,&nbsp;<strong>Magdalena Esp\u00f3sito Valenti y Abigail P\u00e1ez fueron amenazadas de muerte y desde el penal debieron reforzar las medidas de seguridad<\/strong>.<\/p>\n","protected":false},"excerpt":{"rendered":"<p>Magdalena Esp\u00f3sito Valenti y Abigail P\u00e1ez&nbsp;no estuvieron presentes en la sala de audiencias del Centro Judicial de Santa Rosa cuando se ley\u00f3 el fallo por el crimen de&nbsp;Lucio Dupuy. Sin embargo, las acusadas se enteraron de la condena mientras trabajaban en los talleres de la c\u00e1rcel. \u201cHan vivido la jornada del veredicto como un d\u00eda &hellip;<\/p>\n","protected":false},"author":2,"featured_media":71150,"comment_status":"open","ping_status":"open","sticky":false,"template":"","format":"standard","meta":{"_jetpack_memberships_contains_paid_content":false,"footnotes":"","jetpack_publicize_message":"","jetpack_publicize_feature_enabled":true,"jetpack_social_post_already_shared":true,"jetpack_social_options":{"image_generator_settings":{"template":"highway","default_image_id":0,"font":"","enabled":false},"version":2}},"categories":[639,50],"tags":[],"class_list":["post-71149","post","type-post","status-publish","format-standard","has-post-thumbnail","hentry","category-argentina","category-judiciales"],"jetpack_publicize_connections":[],"jetpack_featured_media_url":"https:\/\/portalmovil.com.ar\/wp-content\/uploads\/2023\/02\/magdalena-esposito-valenti-y-su-pareja-abigail-paez-1502001jpg.webp","jetpack_sharing_enabled":true,"amp_enabled":true,"_links":{"self":[{"href":"https:\/\/portalmovil.com.ar\/index.php\/wp-json\/wp\/v2\/posts\/71149","targetHints":{"allow":["GET"]}}],"collection":[{"href":"https:\/\/portalmovil.com.ar\/index.php\/wp-json\/wp\/v2\/posts"}],"about":[{"href":"https:\/\/portalmovil.com.ar\/index.php\/wp-json\/wp\/v2\/types\/post"}],"author":[{"embeddable":true,"href":"https:\/\/portalmovil.com.ar\/index.php\/wp-json\/wp\/v2\/users\/2"}],"replies":[{"embeddable":true,"href":"https:\/\/portalmovil.com.ar\/index.php\/wp-json\/wp\/v2\/comments?post=71149"}],"version-history":[{"count":2,"href":"https:\/\/portalmovil.com.ar\/index.php\/wp-json\/wp\/v2\/posts\/71149\/revisions"}],"predecessor-version":[{"id":71152,"href":"https:\/\/portalmovil.com.ar\/index.php\/wp-json\/wp\/v2\/posts\/71149\/revisions\/71152"}],"wp:featuredmedia":[{"embeddable":true,"href":"https:\/\/portalmovil.com.ar\/index.php\/wp-json\/wp\/v2\/media\/71150"}],"wp:attachment":[{"href":"https:\/\/portalmovil.com.ar\/index.php\/wp-json\/wp\/v2\/media?parent=71149"}],"wp:term":[{"taxonomy":"category","embeddable":true,"href":"https:\/\/portalmovil.com.ar\/index.php\/wp-json\/wp\/v2\/categories?post=71149"},{"taxonomy":"post_tag","embeddable":true,"href":"https:\/\/portalmovil.com.ar\/index.php\/wp-json\/wp\/v2\/tags?post=71149"}],"curies":[{"name":"wp","href":"https:\/\/api.w.org\/{rel}","templated":true}]}}