{"id":71089,"date":"2023-02-04T12:42:43","date_gmt":"2023-02-04T15:42:43","guid":{"rendered":"https:\/\/portalmovil.com.ar\/?p=71089"},"modified":"2023-02-04T12:42:47","modified_gmt":"2023-02-04T15:42:47","slug":"martinez-se-reunio-con-vecinos-en-el-departamento-libertad-hay-que-modificar-actitudes-y-brindar-soluciones-practicas","status":"publish","type":"post","link":"https:\/\/portalmovil.com.ar\/index.php\/2023\/02\/04\/martinez-se-reunio-con-vecinos-en-el-departamento-libertad-hay-que-modificar-actitudes-y-brindar-soluciones-practicas\/","title":{"rendered":"Mart\u00ednez se reuni\u00f3 con vecinos en el Departamento Libertad: \u00abHay que modificar actitudes y brindar soluciones pr\u00e1cticas\u00bb"},"content":{"rendered":"\n<p>En Puerto Tirol, Gustavo Mart\u00ednez dialog\u00f3 con vecinos, referentes de distintos partidos pol\u00edticos y dirigentes de instituciones del departamento Libertad, sobre las prioridades que tiene definidas el espacio pol\u00edtico Corriente de Expresi\u00f3n Renovada (CER), haciendo hincapi\u00e9 en la importancia de pensar en un gobierno con contacto directo con la gente y sus necesidades.<\/p>\n\n\n\n<p>La reuni\u00f3n se desarroll\u00f3 en el sal\u00f3n de la Liga de Madres. All\u00ed el actual intendente de Resistencia, expres\u00f3: \u00abContinuamos en esta idea de recorrer todos los departamentos del Chaco, conversando con referentes de todas las expresiones de la sociedad para hacerles saber nuestra decisi\u00f3n de presentarnos como candidatos a gobernar el Chaco\u00bb, expres\u00f3 el principal referente del CER.<\/p>\n\n\n\n<p>\u00abQueremos trabajar, convocar y escuchar a todos los sectores -continu\u00f3 -, trabajando en planes de acci\u00f3n que inmediatamente podamos ejecutar\u00bb.<\/p>\n\n\n\n<p>En ese contexto, subray\u00f3: \u00abEstamos convencidos que la Provincia necesita algo m\u00e1s, hay que modificar actitudes, ser m\u00e1s abiertos y brindar soluciones pr\u00e1cticas\u00bb.<\/p>\n\n\n\n<p>Por esto sostuvo: \u00abHay problemas b\u00e1sicos insatisfechos y que con poco se pueden resolver, es parte de la acci\u00f3n que proponemos llevar adelante\u00bb.<\/p>\n\n\n\n<p>\u00abEs necesario que se vuelva a humanizar la pol\u00edtica p\u00fablica y llegar con soluciones pr\u00e1cticas al vecino, siguiendo un plan de desarrollo que permita cambiar la vida de los chaque\u00f1os para las pr\u00f3ximas generaciones\u00bb, asever\u00f3.<\/p>\n\n\n\n<p><strong>EL APOYO VECINAL<\/strong><\/p>\n\n\n\n<p>Viviana Hakanson, de Colonia Popular, &nbsp;resalt\u00f3 la candidatura de Gustavo Mart\u00ednez, al se\u00f1alar:&nbsp;<strong>\u00abEstamos abocados en trabajar en esta nueva propuesta pol\u00edtica porque hay humildad, armon\u00eda, integraci\u00f3n de &nbsp;la familia y eso nos da fuerzas para seguir\u00bb.<\/strong><\/p>\n\n\n\n<p>El dirigente local, Esteban Romero Atanasoff tambi\u00e9n se sum\u00f3 a la opini\u00f3n: \u00abSin dudas ser\u00e1 el futuro gobernador, brega por la construcci\u00f3n de una provincia que incluya a todos, sin distinciones y sacando esa vieja idea que el de enfrente es un enemigo\u00bb.<\/p>\n\n\n\n<p>M\u00f3nica Von Siebenthal, docente y concejal tirolesa por el CER apoy\u00f3 la candidatura de Gustavo y reflexion\u00f3 al respecto:&nbsp;<strong>\u00abFeliz por esta alternativa para la provincia, soy pol\u00edtica de toda la vida y estoy en este espacio porque siento que Gustavo es el dirigente que necesita el Chaco, porque llega con humildad a toda la gente\u00bb.<\/strong><\/p>\n\n\n\n<p>Otro reconocido dirigente de Tirol, Andr\u00e9s C\u00edmbaro Canela, explic\u00f3 sus razones de trabajar de cara a las elecciones para que Gustavo cumpla el objetivo de gobernar la provincia:&nbsp;<strong>\u00abSu proyecto abarca todas las demandas, las tiene en cuenta y el CER es un movimiento anti grieta, practicamos esa pol\u00edtica en todo momento\u00bb.<\/strong><\/p>\n","protected":false},"excerpt":{"rendered":"<p>En Puerto Tirol, Gustavo Mart\u00ednez dialog\u00f3 con vecinos, referentes de distintos partidos pol\u00edticos y dirigentes de instituciones del departamento Libertad, sobre las prioridades que tiene definidas el espacio pol\u00edtico Corriente de Expresi\u00f3n Renovada (CER), haciendo hincapi\u00e9 en la importancia de pensar en un gobierno con contacto directo con la gente y sus necesidades. La reuni\u00f3n &hellip;<\/p>\n","protected":false},"author":2,"featured_media":71090,"comment_status":"open","ping_status":"open","sticky":false,"template":"","format":"standard","meta":{"_jetpack_memberships_contains_paid_content":false,"footnotes":"","jetpack_publicize_message":"","jetpack_publicize_feature_enabled":true,"jetpack_social_post_already_shared":true,"jetpack_social_options":{"image_generator_settings":{"template":"highway","default_image_id":0,"font":"","enabled":false},"version":2}},"categories":[8,37],"tags":[],"class_list":["post-71089","post","type-post","status-publish","format-standard","has-post-thumbnail","hentry","category-policiales","category-resistencia"],"jetpack_publicize_connections":[],"jetpack_featured_media_url":"https:\/\/portalmovil.com.ar\/wp-content\/uploads\/2023\/02\/565797w850h567c.jpg.webp","jetpack_sharing_enabled":true,"amp_enabled":true,"_links":{"self":[{"href":"https:\/\/portalmovil.com.ar\/index.php\/wp-json\/wp\/v2\/posts\/71089","targetHints":{"allow":["GET"]}}],"collection":[{"href":"https:\/\/portalmovil.com.ar\/index.php\/wp-json\/wp\/v2\/posts"}],"about":[{"href":"https:\/\/portalmovil.com.ar\/index.php\/wp-json\/wp\/v2\/types\/post"}],"author":[{"embeddable":true,"href":"https:\/\/portalmovil.com.ar\/index.php\/wp-json\/wp\/v2\/users\/2"}],"replies":[{"embeddable":true,"href":"https:\/\/portalmovil.com.ar\/index.php\/wp-json\/wp\/v2\/comments?post=71089"}],"version-history":[{"count":2,"href":"https:\/\/portalmovil.com.ar\/index.php\/wp-json\/wp\/v2\/posts\/71089\/revisions"}],"predecessor-version":[{"id":71092,"href":"https:\/\/portalmovil.com.ar\/index.php\/wp-json\/wp\/v2\/posts\/71089\/revisions\/71092"}],"wp:featuredmedia":[{"embeddable":true,"href":"https:\/\/portalmovil.com.ar\/index.php\/wp-json\/wp\/v2\/media\/71090"}],"wp:attachment":[{"href":"https:\/\/portalmovil.com.ar\/index.php\/wp-json\/wp\/v2\/media?parent=71089"}],"wp:term":[{"taxonomy":"category","embeddable":true,"href":"https:\/\/portalmovil.com.ar\/index.php\/wp-json\/wp\/v2\/categories?post=71089"},{"taxonomy":"post_tag","embeddable":true,"href":"https:\/\/portalmovil.com.ar\/index.php\/wp-json\/wp\/v2\/tags?post=71089"}],"curies":[{"name":"wp","href":"https:\/\/api.w.org\/{rel}","templated":true}]}}