{"id":70881,"date":"2023-02-01T15:43:08","date_gmt":"2023-02-01T18:43:08","guid":{"rendered":"https:\/\/portalmovil.com.ar\/?p=70881"},"modified":"2023-02-01T15:43:13","modified_gmt":"2023-02-01T18:43:13","slug":"caso-lucio-las-feministas-del-crimen-no-estaran-presentes-en-el-veredicto","status":"publish","type":"post","link":"https:\/\/portalmovil.com.ar\/index.php\/2023\/02\/01\/caso-lucio-las-feministas-del-crimen-no-estaran-presentes-en-el-veredicto\/","title":{"rendered":"Caso Lucio: las feministas del crimen no estar\u00e1n presentes en el veredicto"},"content":{"rendered":"\n<p>El Tribunal de Audiencia de La Pampa dar\u00e1 a conocer el jueves el veredicto del juicio por el crimen de Lucio Dupuy, cometido el 26 de noviembre de 2021 en Santa Rosa, en el que los jueces determinar\u00e1n la autor\u00eda y responsabilidad penal de la madre del ni\u00f1o, Magdalena Esp\u00f3sito Valenti; y de su pareja, Abigail P\u00e1ez.<\/p>\n\n\n\n<p>La audiencia de cesura que comenzar\u00e1 a las 12 no estar\u00e1n presentes las acusadas, y que los jueces Alejandra Ongaro, Andr\u00e9s Oli\u00e9 y Daniel S\u00e1ez Zamora resolver\u00e1n si ambas son \u00abculpables\u00bb del delito de \u00abhomicidio calificado y abuso sexual ultrajante\u00bb, seg\u00fan confirmaron las fuentes judiciales a T\u00e9lam.<\/p>\n\n\n\n<p>La pena no se dar\u00e1 a conocer ma\u00f1ana, sino en una audiencia posterior, aunque&nbsp;<strong>si el tribunal acepta los argumentos del Ministerio P\u00fablico Fiscal (MPF), la \u00fanica que les corresponder\u00e1 a las acusadas es la de prisi\u00f3n perpetua.<\/strong><\/p>\n\n\n\n<p>En caso de que el Tribunal valorara las pruebas de otra manera, tiene 15 d\u00edas para dar a conocer la sentencia. Tambi\u00e9n deber\u00e1 definir si aceptan la calificaci\u00f3n de&nbsp;<strong>\u00abcrimen de odio\u00bb<\/strong>&nbsp;por razones de g\u00e9nero, planteado por el abogado querellante, Jos\u00e9 Mario Aguerrido.<\/p>\n","protected":false},"excerpt":{"rendered":"<p>El Tribunal de Audiencia de La Pampa dar\u00e1 a conocer el jueves el veredicto del juicio por el crimen de Lucio Dupuy, cometido el 26 de noviembre de 2021 en Santa Rosa, en el que los jueces determinar\u00e1n la autor\u00eda y responsabilidad penal de la madre del ni\u00f1o, Magdalena Esp\u00f3sito Valenti; y de su pareja, &hellip;<\/p>\n","protected":false},"author":2,"featured_media":70882,"comment_status":"open","ping_status":"open","sticky":false,"template":"","format":"standard","meta":{"_jetpack_memberships_contains_paid_content":false,"footnotes":"","jetpack_publicize_message":"","jetpack_publicize_feature_enabled":true,"jetpack_social_post_already_shared":true,"jetpack_social_options":{"image_generator_settings":{"template":"highway","default_image_id":0,"font":"","enabled":false},"version":2}},"categories":[639,50],"tags":[],"class_list":["post-70881","post","type-post","status-publish","format-standard","has-post-thumbnail","hentry","category-argentina","category-judiciales"],"jetpack_publicize_connections":[],"jetpack_featured_media_url":"https:\/\/portalmovil.com.ar\/wp-content\/uploads\/2023\/02\/565395.webp","jetpack_sharing_enabled":true,"amp_enabled":true,"_links":{"self":[{"href":"https:\/\/portalmovil.com.ar\/index.php\/wp-json\/wp\/v2\/posts\/70881","targetHints":{"allow":["GET"]}}],"collection":[{"href":"https:\/\/portalmovil.com.ar\/index.php\/wp-json\/wp\/v2\/posts"}],"about":[{"href":"https:\/\/portalmovil.com.ar\/index.php\/wp-json\/wp\/v2\/types\/post"}],"author":[{"embeddable":true,"href":"https:\/\/portalmovil.com.ar\/index.php\/wp-json\/wp\/v2\/users\/2"}],"replies":[{"embeddable":true,"href":"https:\/\/portalmovil.com.ar\/index.php\/wp-json\/wp\/v2\/comments?post=70881"}],"version-history":[{"count":1,"href":"https:\/\/portalmovil.com.ar\/index.php\/wp-json\/wp\/v2\/posts\/70881\/revisions"}],"predecessor-version":[{"id":70883,"href":"https:\/\/portalmovil.com.ar\/index.php\/wp-json\/wp\/v2\/posts\/70881\/revisions\/70883"}],"wp:featuredmedia":[{"embeddable":true,"href":"https:\/\/portalmovil.com.ar\/index.php\/wp-json\/wp\/v2\/media\/70882"}],"wp:attachment":[{"href":"https:\/\/portalmovil.com.ar\/index.php\/wp-json\/wp\/v2\/media?parent=70881"}],"wp:term":[{"taxonomy":"category","embeddable":true,"href":"https:\/\/portalmovil.com.ar\/index.php\/wp-json\/wp\/v2\/categories?post=70881"},{"taxonomy":"post_tag","embeddable":true,"href":"https:\/\/portalmovil.com.ar\/index.php\/wp-json\/wp\/v2\/tags?post=70881"}],"curies":[{"name":"wp","href":"https:\/\/api.w.org\/{rel}","templated":true}]}}