{"id":70797,"date":"2023-01-31T13:11:01","date_gmt":"2023-01-31T16:11:01","guid":{"rendered":"https:\/\/portalmovil.com.ar\/?p=70797"},"modified":"2023-01-31T13:11:05","modified_gmt":"2023-01-31T16:11:05","slug":"detuvieron-a-un-joven-que-intento-robar-a-un-comercio","status":"publish","type":"post","link":"https:\/\/portalmovil.com.ar\/index.php\/2023\/01\/31\/detuvieron-a-un-joven-que-intento-robar-a-un-comercio\/","title":{"rendered":"Detuvieron a un joven que intent\u00f3 robar a un comercio"},"content":{"rendered":"\n<p>Personal de Patrulla Preventiva fue alertado del hecho en Liniers y Entre R\u00edos. All\u00ed lograron atrapar a un joven que ten\u00eda distintas mercader\u00edas preparadas para llevar.<\/p>\n\n\n\n<p>Al llegar, el personal policial vio la puerta del comercio violentada. Luego, al ingresar notaron desorden y una persona que corri\u00f3 al patio interno, por lo que se despleg\u00f3 un anillo de seguridad para evitar que escapara.<\/p>\n\n\n\n<p>Finalmente, el joven de 19 a\u00f1os, con domicilio en Villa R\u00edo Negro fue trasladado a Medicina Legal y luego alojado en la Comisar\u00eda Segunda Metropolitana bajo la causa \u201cSupuesto Robo\u201d.<\/p>\n","protected":false},"excerpt":{"rendered":"<p>Personal de Patrulla Preventiva fue alertado del hecho en Liniers y Entre R\u00edos. All\u00ed lograron atrapar a un joven que ten\u00eda distintas mercader\u00edas preparadas para llevar. Al llegar, el personal policial vio la puerta del comercio violentada. Luego, al ingresar notaron desorden y una persona que corri\u00f3 al patio interno, por lo que se despleg\u00f3 &hellip;<\/p>\n","protected":false},"author":2,"featured_media":70798,"comment_status":"open","ping_status":"open","sticky":false,"template":"","format":"standard","meta":{"_jetpack_memberships_contains_paid_content":false,"footnotes":"","jetpack_publicize_message":"","jetpack_publicize_feature_enabled":true,"jetpack_social_post_already_shared":true,"jetpack_social_options":{"image_generator_settings":{"template":"highway","default_image_id":0,"font":"","enabled":false},"version":2}},"categories":[8,37],"tags":[],"class_list":["post-70797","post","type-post","status-publish","format-standard","has-post-thumbnail","hentry","category-policiales","category-resistencia"],"jetpack_publicize_connections":[],"jetpack_featured_media_url":"https:\/\/portalmovil.com.ar\/wp-content\/uploads\/2023\/01\/63d93ca769fdf901301518.jpg","jetpack_sharing_enabled":true,"amp_enabled":true,"_links":{"self":[{"href":"https:\/\/portalmovil.com.ar\/index.php\/wp-json\/wp\/v2\/posts\/70797","targetHints":{"allow":["GET"]}}],"collection":[{"href":"https:\/\/portalmovil.com.ar\/index.php\/wp-json\/wp\/v2\/posts"}],"about":[{"href":"https:\/\/portalmovil.com.ar\/index.php\/wp-json\/wp\/v2\/types\/post"}],"author":[{"embeddable":true,"href":"https:\/\/portalmovil.com.ar\/index.php\/wp-json\/wp\/v2\/users\/2"}],"replies":[{"embeddable":true,"href":"https:\/\/portalmovil.com.ar\/index.php\/wp-json\/wp\/v2\/comments?post=70797"}],"version-history":[{"count":1,"href":"https:\/\/portalmovil.com.ar\/index.php\/wp-json\/wp\/v2\/posts\/70797\/revisions"}],"predecessor-version":[{"id":70799,"href":"https:\/\/portalmovil.com.ar\/index.php\/wp-json\/wp\/v2\/posts\/70797\/revisions\/70799"}],"wp:featuredmedia":[{"embeddable":true,"href":"https:\/\/portalmovil.com.ar\/index.php\/wp-json\/wp\/v2\/media\/70798"}],"wp:attachment":[{"href":"https:\/\/portalmovil.com.ar\/index.php\/wp-json\/wp\/v2\/media?parent=70797"}],"wp:term":[{"taxonomy":"category","embeddable":true,"href":"https:\/\/portalmovil.com.ar\/index.php\/wp-json\/wp\/v2\/categories?post=70797"},{"taxonomy":"post_tag","embeddable":true,"href":"https:\/\/portalmovil.com.ar\/index.php\/wp-json\/wp\/v2\/tags?post=70797"}],"curies":[{"name":"wp","href":"https:\/\/api.w.org\/{rel}","templated":true}]}}