{"id":70780,"date":"2023-01-31T10:06:40","date_gmt":"2023-01-31T13:06:40","guid":{"rendered":"https:\/\/portalmovil.com.ar\/?p=70780"},"modified":"2023-01-31T10:06:44","modified_gmt":"2023-01-31T13:06:44","slug":"se-encuentran-suspendidos-los-tramites-para-sube","status":"publish","type":"post","link":"https:\/\/portalmovil.com.ar\/index.php\/2023\/01\/31\/se-encuentran-suspendidos-los-tramites-para-sube\/","title":{"rendered":"Se encuentran suspendidos los tr\u00e1mites para SUBE"},"content":{"rendered":"\n<p>La Subsecretar\u00eda de Transporte de la provincia del Chaco inform\u00f3 a las personas usuarias del transporte p\u00fablico, que desde este martes 31, se encuentran suspendidos los tr\u00e1mites para carnet guarda conductor y SUBE (por primera vez y reimpresi\u00f3n).<\/p>\n\n\n\n<p>Esto se debe a la renovaci\u00f3n de equipamiento y actualizaci\u00f3n de software. A partir del lunes 6, se vuelven a realizar los tr\u00e1mites mencionados con normalidad.<\/p>\n\n\n\n<p>Para m\u00e1s informaci\u00f3n, las personas interesadas pueden dirigirse a https:\/\/www.instagram.com\/transportechaco\/<\/p>\n\n\n\n<figure class=\"wp-block-image size-large\"><img loading=\"lazy\" decoding=\"async\" width=\"1024\" height=\"1024\" src=\"https:\/\/portalmovil.com.ar\/wp-content\/uploads\/2023\/01\/63d9062d2b073351137785-1024x1024.jpg\" alt=\"\" class=\"wp-image-70781\" srcset=\"https:\/\/portalmovil.com.ar\/wp-content\/uploads\/2023\/01\/63d9062d2b073351137785-1024x1024.jpg 1024w, https:\/\/portalmovil.com.ar\/wp-content\/uploads\/2023\/01\/63d9062d2b073351137785-300x300.jpg 300w, https:\/\/portalmovil.com.ar\/wp-content\/uploads\/2023\/01\/63d9062d2b073351137785-150x150.jpg 150w, https:\/\/portalmovil.com.ar\/wp-content\/uploads\/2023\/01\/63d9062d2b073351137785-768x768.jpg 768w, https:\/\/portalmovil.com.ar\/wp-content\/uploads\/2023\/01\/63d9062d2b073351137785.jpg 1280w\" sizes=\"auto, (max-width: 1024px) 100vw, 1024px\" \/><\/figure>\n","protected":false},"excerpt":{"rendered":"<p>La Subsecretar\u00eda de Transporte de la provincia del Chaco inform\u00f3 a las personas usuarias del transporte p\u00fablico, que desde este martes 31, se encuentran suspendidos los tr\u00e1mites para carnet guarda conductor y SUBE (por primera vez y reimpresi\u00f3n). Esto se debe a la renovaci\u00f3n de equipamiento y actualizaci\u00f3n de software. A partir del lunes 6, &hellip;<\/p>\n","protected":false},"author":2,"featured_media":51216,"comment_status":"open","ping_status":"open","sticky":false,"template":"","format":"standard","meta":{"_jetpack_memberships_contains_paid_content":false,"footnotes":"","jetpack_publicize_message":"","jetpack_publicize_feature_enabled":true,"jetpack_social_post_already_shared":true,"jetpack_social_options":{"image_generator_settings":{"template":"highway","default_image_id":0,"font":"","enabled":false},"version":2}},"categories":[28,5],"tags":[],"class_list":["post-70780","post","type-post","status-publish","format-standard","has-post-thumbnail","hentry","category-actualidad","category-chaco"],"jetpack_publicize_connections":[],"jetpack_featured_media_url":"https:\/\/portalmovil.com.ar\/wp-content\/uploads\/2022\/02\/91e482ee-6bfc-4483-bb02-507673c7df3d.jpg","jetpack_sharing_enabled":true,"amp_enabled":true,"_links":{"self":[{"href":"https:\/\/portalmovil.com.ar\/index.php\/wp-json\/wp\/v2\/posts\/70780","targetHints":{"allow":["GET"]}}],"collection":[{"href":"https:\/\/portalmovil.com.ar\/index.php\/wp-json\/wp\/v2\/posts"}],"about":[{"href":"https:\/\/portalmovil.com.ar\/index.php\/wp-json\/wp\/v2\/types\/post"}],"author":[{"embeddable":true,"href":"https:\/\/portalmovil.com.ar\/index.php\/wp-json\/wp\/v2\/users\/2"}],"replies":[{"embeddable":true,"href":"https:\/\/portalmovil.com.ar\/index.php\/wp-json\/wp\/v2\/comments?post=70780"}],"version-history":[{"count":1,"href":"https:\/\/portalmovil.com.ar\/index.php\/wp-json\/wp\/v2\/posts\/70780\/revisions"}],"predecessor-version":[{"id":70782,"href":"https:\/\/portalmovil.com.ar\/index.php\/wp-json\/wp\/v2\/posts\/70780\/revisions\/70782"}],"wp:featuredmedia":[{"embeddable":true,"href":"https:\/\/portalmovil.com.ar\/index.php\/wp-json\/wp\/v2\/media\/51216"}],"wp:attachment":[{"href":"https:\/\/portalmovil.com.ar\/index.php\/wp-json\/wp\/v2\/media?parent=70780"}],"wp:term":[{"taxonomy":"category","embeddable":true,"href":"https:\/\/portalmovil.com.ar\/index.php\/wp-json\/wp\/v2\/categories?post=70780"},{"taxonomy":"post_tag","embeddable":true,"href":"https:\/\/portalmovil.com.ar\/index.php\/wp-json\/wp\/v2\/tags?post=70780"}],"curies":[{"name":"wp","href":"https:\/\/api.w.org\/{rel}","templated":true}]}}