{"id":7072,"date":"2020-05-30T15:35:35","date_gmt":"2020-05-30T18:35:35","guid":{"rendered":"http:\/\/portalmovil.com.ar\/?p=7072"},"modified":"2020-05-30T15:35:38","modified_gmt":"2020-05-30T18:35:38","slug":"santa-fe-pidio-a-nacion-poder-habilitar-las-reuniones-familiares-y-salidas-a-bares-y-restaurantes","status":"publish","type":"post","link":"https:\/\/portalmovil.com.ar\/index.php\/2020\/05\/30\/santa-fe-pidio-a-nacion-poder-habilitar-las-reuniones-familiares-y-salidas-a-bares-y-restaurantes\/","title":{"rendered":"Santa Fe pidi\u00f3 a Naci\u00f3n poder habilitar las reuniones familiares y salidas a bares y restaurantes"},"content":{"rendered":"\n<p>El gobierno de\u00a0Santa Fe, con\u00a0Omar Perotti\u00a0a la cabeza, habilit\u00f3 obras privadas de hasta 10 personas en los grandes aglomerados de la provincia, mientras que exceptu\u00f3 de la cuarentena por la pandemia de\u00a0coronavirus\u00a0a las actividades sindicales, colegios profesionales y tareas administrativas de universidades en el resto del territorio.<\/p>\n\n\n\n<p>A trav\u00e9s de un decreto,\u00a0habilit\u00f3 desde este s\u00e1bado en los aglomerados Gran Santa Fe y Gran Rosario construcciones de obras privadas, que ocupen hasta diez operarios, \u201csiempre que los trabajos no impliquen ingresar a viviendas con residentes, locales o establecimientos en funcionamiento\u201d.<\/p>\n\n\n\n<p>El nuevo decreto de flexibilizaci\u00f3n del aislamiento social, preventivo y obligatorio tambi\u00e9n establece que el comercio minorista, que ya funciona en esta provincia, puede hacerlo en horario matinal. Incluye la actividad en sindicatos, entidades gremiales, empresarias, obras sociales, cajas y colegios profesionales, administraci\u00f3n de entidades deportivas y la actividad administrativa de universidades nacionales y privadas a puertas cerradas y con turno previo, con excepci\u00f3n de Rosario y Santa Fe.<\/p>\n\n\n\n<p>Tambi\u00e9n\u00a0permite en las peque\u00f1as localidades de la provincia la apertura de comercios minoristas en centros comerciales, paseos comerciales o shoppings, pero \u201cexclusivamente con la modalidad particular de entrega y pago previamente convenidos\u201d.<\/p>\n\n\n\n<p>Seg\u00fan la norma, se realizar\u00e1n\u00a0\u201cen un espacio exterior lindante (playas de estacionamiento o similares), debidamente acondicionado, en los horarios que establezcan las autoridades municipales\u201d.<\/p>\n\n\n\n<p>Cada municipio deber\u00e1 autorizar esa actividad \u201csectorizando por barrios y de acuerdo a la modalidad y al tr\u00e1nsito que se d\u00e9 en cada una de las localidades\u201d, dijo Perotti.<\/p>\n\n\n\n<p>Perotti solicit\u00f3 adem\u00e1s\u00a0una serie de excepciones a la Jefatura de Gabinete nacional como el servicio dom\u00e9stico para los grandes aglomerados urbanos; la habilitaci\u00f3n de bares y restaurantes con un 50% de ocupaci\u00f3n\u00a0y pr\u00e1cticas deportivas en espacios abiertos o ventilados, a\u00f1adieron los informantes.<\/p>\n\n\n\n<p>\u201cSiguiendo la evoluci\u00f3n de los avances d\u00eda a d\u00eda de los muestreos y los testeos que se est\u00e1n dando, vamos tomando distintas medidas\u201d,\u00a0afirm\u00f3 Perotti al anunciar la apertura de nuevas actividades<\/p>\n\n\n\n<p>Tambi\u00e9n la apertura de bares y restaurantes \u201ccon modalidad de reserva previa, garantizando el debido distanciamiento social\u201d y con una ocupaci\u00f3n de \u201chasta el 50% de la capacidad m\u00e1xima de los locales\u201d.<\/p>\n\n\n\n<p>En cuanto a las pr\u00e1cticas deportivas, Perotti le pidi\u00f3 al jefe de Gabinete, Santiago Cafiero, que analice la habilitaci\u00f3n de las instalaciones que no impliquen contacto f\u00edsico, por turnos, en espacios abiertos o suficientemente ventilados, sin reuniones.<\/p>\n\n\n\n<p>Por \u00faltimo, tambi\u00e9n solicit\u00f3 reuniones familiares de hasta 10 personas los s\u00e1bados, domingos y d\u00edas feriados, as\u00ed como mesas de ex\u00e1menes presenciales en las universidades.<\/p>\n","protected":false},"excerpt":{"rendered":"<p>El gobierno de\u00a0Santa Fe, con\u00a0Omar Perotti\u00a0a la cabeza, habilit\u00f3 obras privadas de hasta 10 personas en los grandes aglomerados de la provincia, mientras que exceptu\u00f3 de la cuarentena por la pandemia de\u00a0coronavirus\u00a0a las actividades sindicales, colegios profesionales y tareas administrativas de universidades en el resto del territorio. A trav\u00e9s de un decreto,\u00a0habilit\u00f3 desde este s\u00e1bado &hellip;<\/p>\n","protected":false},"author":2,"featured_media":7073,"comment_status":"open","ping_status":"open","sticky":false,"template":"","format":"standard","meta":{"_jetpack_memberships_contains_paid_content":false,"footnotes":"","jetpack_publicize_message":"","jetpack_publicize_feature_enabled":true,"jetpack_social_post_already_shared":true,"jetpack_social_options":{"image_generator_settings":{"template":"highway","default_image_id":0,"font":"","enabled":false},"version":2}},"categories":[28],"tags":[],"class_list":["post-7072","post","type-post","status-publish","format-standard","has-post-thumbnail","hentry","category-actualidad"],"jetpack_publicize_connections":[],"jetpack_featured_media_url":"https:\/\/portalmovil.com.ar\/wp-content\/uploads\/2020\/05\/bar.jpg","jetpack_sharing_enabled":true,"amp_enabled":true,"_links":{"self":[{"href":"https:\/\/portalmovil.com.ar\/index.php\/wp-json\/wp\/v2\/posts\/7072","targetHints":{"allow":["GET"]}}],"collection":[{"href":"https:\/\/portalmovil.com.ar\/index.php\/wp-json\/wp\/v2\/posts"}],"about":[{"href":"https:\/\/portalmovil.com.ar\/index.php\/wp-json\/wp\/v2\/types\/post"}],"author":[{"embeddable":true,"href":"https:\/\/portalmovil.com.ar\/index.php\/wp-json\/wp\/v2\/users\/2"}],"replies":[{"embeddable":true,"href":"https:\/\/portalmovil.com.ar\/index.php\/wp-json\/wp\/v2\/comments?post=7072"}],"version-history":[{"count":1,"href":"https:\/\/portalmovil.com.ar\/index.php\/wp-json\/wp\/v2\/posts\/7072\/revisions"}],"predecessor-version":[{"id":7074,"href":"https:\/\/portalmovil.com.ar\/index.php\/wp-json\/wp\/v2\/posts\/7072\/revisions\/7074"}],"wp:featuredmedia":[{"embeddable":true,"href":"https:\/\/portalmovil.com.ar\/index.php\/wp-json\/wp\/v2\/media\/7073"}],"wp:attachment":[{"href":"https:\/\/portalmovil.com.ar\/index.php\/wp-json\/wp\/v2\/media?parent=7072"}],"wp:term":[{"taxonomy":"category","embeddable":true,"href":"https:\/\/portalmovil.com.ar\/index.php\/wp-json\/wp\/v2\/categories?post=7072"},{"taxonomy":"post_tag","embeddable":true,"href":"https:\/\/portalmovil.com.ar\/index.php\/wp-json\/wp\/v2\/tags?post=7072"}],"curies":[{"name":"wp","href":"https:\/\/api.w.org\/{rel}","templated":true}]}}