{"id":7055,"date":"2020-05-30T10:57:13","date_gmt":"2020-05-30T13:57:13","guid":{"rendered":"http:\/\/portalmovil.com.ar\/?p=7055"},"modified":"2020-05-30T10:57:37","modified_gmt":"2020-05-30T13:57:37","slug":"gines-es-dificil-decidir-que-no-se-extienda-la-cuarentena","status":"publish","type":"post","link":"https:\/\/portalmovil.com.ar\/index.php\/2020\/05\/30\/gines-es-dificil-decidir-que-no-se-extienda-la-cuarentena\/","title":{"rendered":"Gin\u00e9s: \u00abEs dif\u00edcil decidir que no se extienda la cuarentena\u00bb"},"content":{"rendered":"\n<p>El ministro de Salud,\u00a0Gin\u00e9s Gonz\u00e1lez Garc\u00eda, afirm\u00f3 que\u00a0\u00abes dif\u00edcil decidir que no se extienda\u00bb la\u00a0cuarentena\u00a0general en plena \u00abcurva ascendente\u00bb de contagios de\u00a0coronavirus.<\/p>\n\n\n\n<p>\u00abEs dif\u00edcil decidir que no se extienda la cuarentena, cambiar y relajar las cuestiones que tienen que ver con la expansi\u00f3n en una curva ascendente\u00bb\u00a0de contagios, sostuvo el funcionario nacional.<\/p>\n\n\n\n<p>En declaraciones a radio Mitre, el titular de la cartera sanitaria remarc\u00f3 que la definici\u00f3n respecto a la extensi\u00f3n del per\u00edodo de aislamiento social, preventivo y obligatorio ser\u00e1 una medida\u00a0\u00abmuy pensada, muy trabajada y muy conversada con autoridades locales\u00bb\u00a0de las provincias.<\/p>\n\n\n\n<p>\u00abLo que uno finalmente est\u00e1 haciendo es que evitando que haya mayor casu\u00edstica, mayor consecuencia, mayores muertes\u00bb, agreg\u00f3 Gonz\u00e1lez Garc\u00eda, quien se quej\u00f3 de que \u00abla derecha en el mundo est\u00e1 trabajando mucho\u00bb en contra de las medidas de aislamiento \u00abampar\u00e1ndose en alg\u00fan tipo de derecho individual\u00bb.<\/p>\n\n\n\n<p>Hasta el momento, en la Argentina se registran 15.419 contagios de coronavirus y 524 muertes.<\/p>\n","protected":false},"excerpt":{"rendered":"<p>El ministro de Salud,\u00a0Gin\u00e9s Gonz\u00e1lez Garc\u00eda, afirm\u00f3 que\u00a0\u00abes dif\u00edcil decidir que no se extienda\u00bb la\u00a0cuarentena\u00a0general en plena \u00abcurva ascendente\u00bb de contagios de\u00a0coronavirus. \u00abEs dif\u00edcil decidir que no se extienda la cuarentena, cambiar y relajar las cuestiones que tienen que ver con la expansi\u00f3n en una curva ascendente\u00bb\u00a0de contagios, sostuvo el funcionario nacional. En declaraciones a &hellip;<\/p>\n","protected":false},"author":2,"featured_media":7056,"comment_status":"open","ping_status":"open","sticky":false,"template":"","format":"standard","meta":{"_jetpack_memberships_contains_paid_content":false,"footnotes":"","jetpack_publicize_message":"","jetpack_publicize_feature_enabled":true,"jetpack_social_post_already_shared":true,"jetpack_social_options":{"image_generator_settings":{"template":"highway","default_image_id":0,"font":"","enabled":false},"version":2}},"categories":[12],"tags":[],"class_list":["post-7055","post","type-post","status-publish","format-standard","has-post-thumbnail","hentry","category-ultimo"],"jetpack_publicize_connections":[],"jetpack_featured_media_url":"https:\/\/portalmovil.com.ar\/wp-content\/uploads\/2020\/05\/5e9df70e3d634_570_303.jpg","jetpack_sharing_enabled":true,"amp_enabled":true,"_links":{"self":[{"href":"https:\/\/portalmovil.com.ar\/index.php\/wp-json\/wp\/v2\/posts\/7055","targetHints":{"allow":["GET"]}}],"collection":[{"href":"https:\/\/portalmovil.com.ar\/index.php\/wp-json\/wp\/v2\/posts"}],"about":[{"href":"https:\/\/portalmovil.com.ar\/index.php\/wp-json\/wp\/v2\/types\/post"}],"author":[{"embeddable":true,"href":"https:\/\/portalmovil.com.ar\/index.php\/wp-json\/wp\/v2\/users\/2"}],"replies":[{"embeddable":true,"href":"https:\/\/portalmovil.com.ar\/index.php\/wp-json\/wp\/v2\/comments?post=7055"}],"version-history":[{"count":1,"href":"https:\/\/portalmovil.com.ar\/index.php\/wp-json\/wp\/v2\/posts\/7055\/revisions"}],"predecessor-version":[{"id":7057,"href":"https:\/\/portalmovil.com.ar\/index.php\/wp-json\/wp\/v2\/posts\/7055\/revisions\/7057"}],"wp:featuredmedia":[{"embeddable":true,"href":"https:\/\/portalmovil.com.ar\/index.php\/wp-json\/wp\/v2\/media\/7056"}],"wp:attachment":[{"href":"https:\/\/portalmovil.com.ar\/index.php\/wp-json\/wp\/v2\/media?parent=7055"}],"wp:term":[{"taxonomy":"category","embeddable":true,"href":"https:\/\/portalmovil.com.ar\/index.php\/wp-json\/wp\/v2\/categories?post=7055"},{"taxonomy":"post_tag","embeddable":true,"href":"https:\/\/portalmovil.com.ar\/index.php\/wp-json\/wp\/v2\/tags?post=7055"}],"curies":[{"name":"wp","href":"https:\/\/api.w.org\/{rel}","templated":true}]}}