{"id":7048,"date":"2020-05-30T01:18:45","date_gmt":"2020-05-30T04:18:45","guid":{"rendered":"http:\/\/portalmovil.com.ar\/?p=7048"},"modified":"2020-05-30T01:18:48","modified_gmt":"2020-05-30T04:18:48","slug":"capitanich-inauguro-obras-en-colonia-elisa-y-llamo-industrializar-la-ruralidad","status":"publish","type":"post","link":"https:\/\/portalmovil.com.ar\/index.php\/2020\/05\/30\/capitanich-inauguro-obras-en-colonia-elisa-y-llamo-industrializar-la-ruralidad\/","title":{"rendered":"Capitanich inaugur\u00f3 obras en Colonia Elisa y llam\u00f3 industrializar la ruralidad"},"content":{"rendered":"\n<p>El gobernador Jorge Capitanich visit\u00f3 este viernes la localidad de Colonia Elisa, en el marco del aniversario n\u00famero 115 de su fundaci\u00f3n. All\u00ed, junto al intendente Pedro Maidana, llev\u00f3 adelante una agenda de actividades que incluy\u00f3 inauguraci\u00f3n de pavimento, recorrida por obras y entrega de asistencia a productores de la zona, entre otras. La jornada cerr\u00f3 con una reuni\u00f3n con los Intendentes de la regi\u00f3n para coordinar acciones.<\/p>\n\n\n\n<p>Acompa\u00f1aron al gobernador y al intendente Maidana, el ministro de Industria Sebasti\u00e1n Lifton, el secretario de Municipios Rodrigo Ocampo, la presidenta del IDRAF M\u00f3nica Pereyra, directivos de la Fundaci\u00f3n Chaco Solidario, Juan Ignacio Costilla y Hern\u00e1n Knezovich y la diputada provincial Claudia Panzardi, entre otras autoridades provinciales y municipales.<\/p>\n\n\n\n<h3 class=\"wp-block-heading\">Potenciar la producci\u00f3n frutihort\u00edcola<\/h3>\n\n\n\n<p>A primera hora de la ma\u00f1ana, el gobernador y la comitiva recorrieron una chacra hort\u00edcola, propiedad de Ram\u00f3n Franzolini, donde se firm\u00f3 de un convenio entre la presidenta del IDRAF M\u00f3nica Pereyra y el intendente Maidana, que implica un aporte de $110.000 de asistencia financiera no reintegrable para fortalecer la producci\u00f3n.<\/p>\n\n\n\n<p>\u201cPropiciamos el aporte de elementos , a trav\u00e9s de la Fundaci\u00f3n Chaco Solidario, pero tambi\u00e9n un aporte de IDRAF para mejorar las perspectivas de producci\u00f3n, que es lo que queremos hacer en toda la provincia\u201d, asegur\u00f3 el gobernador.<\/p>\n\n\n\n<p>En esa l\u00ednea, insisti\u00f3 en el trabajo con los intendentes para potenciar las cadenas de producci\u00f3n de alimentos chaque\u00f1os. \u201cConocemos las potencialidades. Colonia Elisa puede ser un gran pulm\u00f3n de producci\u00f3n frutihort\u00edcola en la provincia. Hoy se impone una agenda de cultivos org\u00e1nicos, con demanda garantizada. Si mejoramos la producci\u00f3n, log\u00edstica y comercializaci\u00f3n, no cabe duda de que va a ser un \u00e9xito y va a mejorar la estructura de ingresos\u201d, afirm\u00f3.<\/p>\n\n\n\n<p>El destino de este aporte ser\u00e1 la construcci\u00f3n e instalaci\u00f3n de un invern\u00e1culo para los peque\u00f1os productores de la zona, de hasta 10 hect\u00e1reas, quienes comercializan sus productos en la Feria Franca. Se trata de estructuras pl\u00e1stica con techo a dos aguas, de 7 por 21 metros. Adem\u00e1s, se entregaron herramientas a trav\u00e9s de la Fundaci\u00f3n Chaco Solidario, con una inversi\u00f3n de $ 23.000 que incluy\u00f3 una electrobomba, palas, machete, carretilla,y mediasombra.<\/p>\n\n\n\n<h3 class=\"wp-block-heading\">M\u00e1s pavimento para la ciudad<\/h3>\n\n\n\n<p>Posteriormente, Capitanich inaugur\u00f3 cuadras de pavimento urbano. Con una inversi\u00f3n de $4.600.000 en 300 metros, la localidad ya alcanz\u00f3 las 71 cuadras pavimentadas. La mano de obra estuvo a cargo de la municipalidad. \u201cEs muy importante el avance que ha tenido el municipio, con la adquisici\u00f3n de maquinaria y el entrenamiento del personal, porque el aporte provincial es el hormig\u00f3n y el trabajo lo ponen ellos\u201d, destac\u00f3 el mandatario.<\/p>\n\n\n\n<p>En esa l\u00ednea, asegur\u00f3 que \u201cel costo por cuadra es muy inferior al promedio\u201d lo que va a permitir continuar trabajando a este ritmo para alcanzar la universalizaci\u00f3n del pavimento en esa localidad. Por su parte, el intendente Maidana asegur\u00f3 que \u201ces un hecho hist\u00f3rico\u201d para la comunidad la inauguraci\u00f3n de m\u00e1s pavimento y record\u00f3: \u201cEn 2008 con Capitanich inauguramos la primera cuadra de pavimento de la localidad y hoy completamos 71 cuadras. Colonia Elisa se va transformando de a poco en la ciudad que anhelamos\u201d.<\/p>\n\n\n\n<h3 class=\"wp-block-heading\">Recupero de residuos para generar m\u00e1s ingresos<\/h3>\n\n\n\n<p>Posteriormente, el mandatario provincial y su comitiva visitaron la planta de Residuos S\u00f3lidos Urbanos de la localidad. El mandatario destac\u00f3 la posibilidad de generar ingresos extra para el municipio a trav\u00e9s del recupero de residuos.\u201cSignifica un ingreso equivalente a 600 mil pesos por recupero, con 14 trabajadores muy bien organizados y con alto nivel de concientizaci\u00f3n comunitaria\u201d, remarc\u00f3 Capitanich.<\/p>\n\n\n\n<p>El mandatario mencion\u00f3 que existen 21 plantas funcionando en la provincia, aunque pronto se alcanzar\u00e1 una totalidad de 27. Adem\u00e1s, que se contar\u00e1 con asistencia de 12 millones de d\u00f3lares pr\u00e9stamo internacional para la provincia, para trabajar en la agenda ambiental de tratamiento de residuos s\u00f3lidos urbanos.<\/p>\n\n\n\n<h3 class=\"wp-block-heading\">M\u00e1s asistencia a productores y emprendedores<\/h3>\n\n\n\n<p>Tras la visita a la planta de residuos, Capitanich visit\u00f3 el Club deportivo del lugar, donde entreg\u00f3 asistencia financiera a nueve productores de la actividad bovina, porcina, av\u00edcola y agr\u00edcola con cr\u00e9ditos con nula o baja tasa de intereses en una inversi\u00f3n de $720.000. La asistencia servir\u00e1 para la compra de animales, mejoras de infraestructura, compra de equipamiento para la provisi\u00f3n de agua hasta la adquisici\u00f3n insumos y materiales para refaccionar los campos.<\/p>\n\n\n\n<p>Adem\u00e1s, particip\u00f3 de la firma de un convenio de cooperaci\u00f3n, asistencia t\u00e9cnica, investigaci\u00f3n e intercambio de datos e informaci\u00f3n entre el municipio y el Instituto de Investigaciones Forestales y Agropecuarias (IIFA), para propiciar la difusi\u00f3n de novedades de inter\u00e9s entre los actores y la ciudadan\u00eda beneficiaria. En ese marco, se entregaron plantines de \u00e1rboles para la ciudad.<\/p>\n\n\n\n<p>Por otro lado, la Fundaci\u00f3n Chaco Solidario entreg\u00f3 dos m\u00e1quinas de coser a la Escuela de Formaci\u00f3n Profesional de Colonia Elisa, entrega que demand\u00f3 una inversi\u00f3n de $30.000. Adem\u00e1s de medicamentos para una ciudadana que lo hab\u00eda requerido.<\/p>\n\n\n\n<h3 class=\"wp-block-heading\">Reuni\u00f3n con intendentes<\/h3>\n\n\n\n<p>Para finalizar la recorrida, Capitanich encabez\u00f3 un encuentro con los intendentes de Colonia Elisa, Pedro Maidana; de Capit\u00e1n Solari, Guillermo Areco; de La Escondida, Francisco Winnik; de La Verde, Ram\u00f3n Pe\u00f1a; de Lapachito, Roberto Dom\u00ednguez; de Colonias Unidas, Alicia Leiva; de Las Garcitas, Sergio Dolce; de Makall\u00e9, Marcelo Angione; y de Laguna Blanca, Jos\u00e9 Panzardi.<\/p>\n\n\n\n<p>\u201cJunto al presidente Alberto Fern\u00e1ndez dijimos que los chaque\u00f1os necesitamos energ\u00eda para todos, cloacas, agua potable y fibra \u00f3ptica. Eso significa mucha inversi\u00f3n, pero estamos en ese camino\u201d, asegur\u00f3 Capitanich.<\/p>\n\n\n\n<p>\u201cHoy les digo a los intendentes que, as\u00ed como han colaborado de una manera extraordinaria ejerciendo el liderazgo para cuidarnos del covid-19, necesitamos que se intensifique el control y el resguardo de rutas ante transportistas irresponsables que cargan peso de m\u00e1s y las rompen. Los necesitamos para proteger el bien com\u00fan que es nuestro patrimonio\u201d, asever\u00f3.<\/p>\n","protected":false},"excerpt":{"rendered":"<p>El gobernador Jorge Capitanich visit\u00f3 este viernes la localidad de Colonia Elisa, en el marco del aniversario n\u00famero 115 de su fundaci\u00f3n. All\u00ed, junto al intendente Pedro Maidana, llev\u00f3 adelante una agenda de actividades que incluy\u00f3 inauguraci\u00f3n de pavimento, recorrida por obras y entrega de asistencia a productores de la zona, entre otras. La jornada &hellip;<\/p>\n","protected":false},"author":2,"featured_media":7049,"comment_status":"open","ping_status":"open","sticky":false,"template":"","format":"standard","meta":{"_jetpack_memberships_contains_paid_content":false,"footnotes":"","jetpack_publicize_message":"","jetpack_publicize_feature_enabled":true,"jetpack_social_post_already_shared":true,"jetpack_social_options":{"image_generator_settings":{"template":"highway","default_image_id":0,"font":"","enabled":false},"version":2}},"categories":[5,42,12],"tags":[],"class_list":["post-7048","post","type-post","status-publish","format-standard","has-post-thumbnail","hentry","category-chaco","category-interior","category-ultimo"],"jetpack_publicize_connections":[],"jetpack_featured_media_url":"https:\/\/portalmovil.com.ar\/wp-content\/uploads\/2020\/05\/87604394157aeadc46d9496d477bcd73.jpg","jetpack_sharing_enabled":true,"amp_enabled":true,"_links":{"self":[{"href":"https:\/\/portalmovil.com.ar\/index.php\/wp-json\/wp\/v2\/posts\/7048","targetHints":{"allow":["GET"]}}],"collection":[{"href":"https:\/\/portalmovil.com.ar\/index.php\/wp-json\/wp\/v2\/posts"}],"about":[{"href":"https:\/\/portalmovil.com.ar\/index.php\/wp-json\/wp\/v2\/types\/post"}],"author":[{"embeddable":true,"href":"https:\/\/portalmovil.com.ar\/index.php\/wp-json\/wp\/v2\/users\/2"}],"replies":[{"embeddable":true,"href":"https:\/\/portalmovil.com.ar\/index.php\/wp-json\/wp\/v2\/comments?post=7048"}],"version-history":[{"count":1,"href":"https:\/\/portalmovil.com.ar\/index.php\/wp-json\/wp\/v2\/posts\/7048\/revisions"}],"predecessor-version":[{"id":7050,"href":"https:\/\/portalmovil.com.ar\/index.php\/wp-json\/wp\/v2\/posts\/7048\/revisions\/7050"}],"wp:featuredmedia":[{"embeddable":true,"href":"https:\/\/portalmovil.com.ar\/index.php\/wp-json\/wp\/v2\/media\/7049"}],"wp:attachment":[{"href":"https:\/\/portalmovil.com.ar\/index.php\/wp-json\/wp\/v2\/media?parent=7048"}],"wp:term":[{"taxonomy":"category","embeddable":true,"href":"https:\/\/portalmovil.com.ar\/index.php\/wp-json\/wp\/v2\/categories?post=7048"},{"taxonomy":"post_tag","embeddable":true,"href":"https:\/\/portalmovil.com.ar\/index.php\/wp-json\/wp\/v2\/tags?post=7048"}],"curies":[{"name":"wp","href":"https:\/\/api.w.org\/{rel}","templated":true}]}}