{"id":70460,"date":"2023-01-25T19:48:41","date_gmt":"2023-01-25T22:48:41","guid":{"rendered":"https:\/\/portalmovil.com.ar\/?p=70460"},"modified":"2023-01-25T19:48:57","modified_gmt":"2023-01-25T22:48:57","slug":"covid-19-la-provincia-comenzara-a-aplicar-la-dosis-de-vacunas-bivalentes","status":"publish","type":"post","link":"https:\/\/portalmovil.com.ar\/index.php\/2023\/01\/25\/covid-19-la-provincia-comenzara-a-aplicar-la-dosis-de-vacunas-bivalentes\/","title":{"rendered":"Covid-19: La provincia comenzar\u00e1 a aplicar la\u00a0dosis de vacunas bivalentes"},"content":{"rendered":"\n<p>Con el arribo y la distribuci\u00f3n en toda la provincia de la primera partida de dosis de vacunas bivalentes, el Chaco inici\u00f3 este mi\u00e9rcoles una nueva etapa en la Campa\u00f1a de Inmunizaci\u00f3n contra la COVID-19.&nbsp;La jefa del Departamento de Inmunizaciones de la provincia, Mar\u00eda Laura Lescano, confirm\u00f3 la llegada de los f\u00e1rmacos y destac\u00f3 que se est\u00e1n realizando los env\u00edos correspondientes a todos los vacunatorios de la provincia, con lo cual, las dosis est\u00e1n disponibles en todo el Chaco.&nbsp;<\/p>\n\n\n\n<p>Adem\u00e1s, ratific\u00f3 que las vacunas bivalentes estar\u00e1n destinadas a las personas a partir de los 12 a\u00f1os que requieran \u201crefuerzos\u201d y no para iniciar los esquemas de vacunaci\u00f3n que continuar\u00e1 haci\u00e9ndose con los stocks disponibles de las dosis monovalentes.&nbsp;La vacunaci\u00f3n en la provincia ha mostrado una sensible mejora en las \u00faltimas semanas, seg\u00fan la ministra de Salud, Carolina Centeno. De hecho, en el reporte epidemiol\u00f3gico emitido esta semana, se indic\u00f3 que el promedio diario de inoculaciones lleg\u00f3 a 4.382, cuando a principios de mes se ubicaba en las 1400.&nbsp;<\/p>\n\n\n\n<h3 class=\"wp-block-heading\"><strong>Algunas respuestas sobre las vacunas bivalentes<\/strong><\/h3>\n\n\n\n<p><strong>1) \u00bfQu\u00e9 es una vacuna bivariante o bivalente?<\/strong><\/p>\n\n\n\n<p>\u201cUna vacuna bivalente es una vacuna que protege contra dos virus. En este caso, lo que hace es brindar protecci\u00f3n contra dos virus SARS-Cov-2 que tienen algunas diferencias\u201d, explic\u00f3 la m\u00e9dica infect\u00f3loga Elena Obieta, Jefa del Servicio de Infectolog\u00eda del Hospital de Boulogne, en el partido bonaerense de San Isidro.&nbsp;Y continu\u00f3: \u201cEn el caso de esta vacuna va a tener inmun\u00f3genos (que son los est\u00edmulos que hacen que fabriquemos los anticuerpos contra el virus) de la variante de Wuhan (tambi\u00e9n llamada ancestral) y de la variante \u00d3micron, que es la que m\u00e1s circul\u00f3 este \u00faltimo a\u00f1o\u201d.<\/p>\n\n\n\n<p><strong>2) \u00bfCu\u00e1les son las vacunas bivalentes que se van a aplicar en la Argentina?<\/strong><\/p>\n\n\n\n<p>En pa\u00eds se aplicar\u00e1n las vacunas Comirnaty Bivariante Original\/\u00d3micron BA.4-5 del laboratorio Pfizer\/BioNtech, autorizada para su uso en poblaci\u00f3n general de 12 a\u00f1os o m\u00e1s, y la vacuna Spikevax Bivariante Original\/\u00d3micron BA.4-5 del laboratorio Moderna, autorizada para poblaci\u00f3n general de 6 a\u00f1os o m\u00e1s.<\/p>\n\n\n\n<p><strong>3) \u00bfSi me di la vacuna contra COVID monovalente hace menos de cuatro meses me la tengo que volver a dar?<\/strong><\/p>\n\n\n\n<p>\u00abSi me di una dosis hace menos de cuatro meses estoy &#8216;cubierta&#8217; contra Covid porque por m\u00e1s que la vacuna no haya sido espec\u00edfica contra la variante que circula en la actualidad, genera una respuesta inmune robusta que protege contra la enfermedad grave, hospitalizaciones y muerte\u201d, explic\u00f3 Obieta, miembro adem\u00e1s de la Sociedad Argentina de Infectolog\u00eda (SADI).<\/p>\n\n\n\n<p><strong>4) \u00bfQu\u00e9 hago si me voy a vacunar y me ofrecen la vacuna monovalente?<\/strong><\/p>\n\n\n\n<p>\u201cSi hace m\u00e1s de cuatro meses que me di la \u00faltima dosis hay que acercarse a un vacunatorio y darse la vacuna que est\u00e9 disponible, no importa cu\u00e1l, porque como dec\u00edamos antes, todas las vacunas que se est\u00e1n aplicando son seguras y eficaces contra la enfermedad grave, hospitalizaci\u00f3n y muerte\u201d, sostuvo.&nbsp;En este sentido, la cartera sanitaria se\u00f1al\u00f3 que durante un tiempo pueden coexistir en los vacunatorios los dos tipos de dosis (monovalentes y bivalentes) y que en ese caso \u201cse administrar\u00e1 la vacuna que se encuentre disponible al momento \u2013seg\u00fan las edades autorizadas\u2013 sin priorizar una formulaci\u00f3n sobre otra\u201d.<\/p>\n\n\n\n<p><strong>5) \u00bfSe la puede dar cualquiera o es para grupos espec\u00edficos?<\/strong><\/p>\n\n\n\n<p>\u201cS\u00ed, se la puede dar cualquier persona\u201d, asegur\u00f3 Obieta.<\/p>\n\n\n\n<p><strong>6) \u00bfTiene m\u00e1s efectos secundarios?<\/strong><\/p>\n\n\n\n<p>La especialista se\u00f1al\u00f3 que \u00abno est\u00e1 descrito que tengan m\u00e1s efectos adversos que las vacunas monovalentes\u00bb. En relaci\u00f3n a los efectos secundarios, describi\u00f3 que \u00abel principal efecto adverso que hemos visto tanto en la vacuna de Pfizer como con la de Moderna es dolor en el lugar de la inyecci\u00f3n, cansancio o una febr\u00edcula el mismo d\u00eda de la aplicaci\u00f3n\u00bb.<\/p>\n\n\n\n<p><strong>7) \u00bfSi me doy la bivalente el plazo para la pr\u00f3xima dosis ser\u00eda mayor?<\/strong><\/p>\n\n\n\n<p>\u00abNo hay todav\u00eda plazos fijados para cu\u00e1ndo ser\u00e1 necesario el pr\u00f3ximo refuerzo. Por el momento lo que sabemos es que las defensas caen a partir de los cuatro meses y por eso se indica la vacunaci\u00f3n en ese periodo\u00bb, sostuvo.<\/p>\n\n\n\n<p><strong>8) \u00bfCu\u00e1ndo se van a comenzar a aplicar?<\/strong><\/p>\n\n\n\n<p>La cartera sanitaria inform\u00f3 que entre ayer y hoy arriban al pa\u00eds 1.100.160 dosis de la vacuna bivariante de Pfizer, en tanto que el martes se iniciar\u00e1 la distribuci\u00f3n de 900.000 dosis de esta vacuna a todas las jurisdicciones, la cuales ser\u00e1n aplicadas a partir de las pr\u00f3ximas semanas de acuerdo a los planes estrat\u00e9gicos de cada distrito.<\/p>\n\n\n\n<p>Adem\u00e1s, durante la semana del 6 de febrero arribar\u00e1n en distintos embarques alrededor de 3 millones de vacunas bivariantes de Moderna y a partir del 13 de febrero llegar\u00e1n otras 1.200.000 dosis de Pfizer.<\/p>\n\n\n\n<p><strong>9) \u00bfQu\u00e9 pasa si tuve COVID-19?<\/strong><\/p>\n\n\n\n<p>\u201cAl igual que ven\u00edamos recomendando con la vacuna monovalente, en caso de haber tenido Covid lo que estamos indicando es esperar 90 d\u00edas antes de darse la dosis de refuerzo ya que por ese per\u00edodo de tiempo se considera que el organismo genera una protecci\u00f3n natural\u201d, concluy\u00f3 Obieta.<\/p>\n","protected":false},"excerpt":{"rendered":"<p>Con el arribo y la distribuci\u00f3n en toda la provincia de la primera partida de dosis de vacunas bivalentes, el Chaco inici\u00f3 este mi\u00e9rcoles una nueva etapa en la Campa\u00f1a de Inmunizaci\u00f3n contra la COVID-19.&nbsp;La jefa del Departamento de Inmunizaciones de la provincia, Mar\u00eda Laura Lescano, confirm\u00f3 la llegada de los f\u00e1rmacos y destac\u00f3 que &hellip;<\/p>\n","protected":false},"author":2,"featured_media":46947,"comment_status":"open","ping_status":"open","sticky":false,"template":"","format":"standard","meta":{"_jetpack_memberships_contains_paid_content":false,"footnotes":"","jetpack_publicize_message":"","jetpack_publicize_feature_enabled":true,"jetpack_social_post_already_shared":true,"jetpack_social_options":{"image_generator_settings":{"template":"highway","default_image_id":0,"font":"","enabled":false},"version":2}},"categories":[5,46,12],"tags":[],"class_list":["post-70460","post","type-post","status-publish","format-standard","has-post-thumbnail","hentry","category-chaco","category-salud","category-ultimo"],"jetpack_publicize_connections":[],"jetpack_featured_media_url":"https:\/\/portalmovil.com.ar\/wp-content\/uploads\/2021\/12\/vacunacion-1.jpg","jetpack_sharing_enabled":true,"amp_enabled":true,"_links":{"self":[{"href":"https:\/\/portalmovil.com.ar\/index.php\/wp-json\/wp\/v2\/posts\/70460","targetHints":{"allow":["GET"]}}],"collection":[{"href":"https:\/\/portalmovil.com.ar\/index.php\/wp-json\/wp\/v2\/posts"}],"about":[{"href":"https:\/\/portalmovil.com.ar\/index.php\/wp-json\/wp\/v2\/types\/post"}],"author":[{"embeddable":true,"href":"https:\/\/portalmovil.com.ar\/index.php\/wp-json\/wp\/v2\/users\/2"}],"replies":[{"embeddable":true,"href":"https:\/\/portalmovil.com.ar\/index.php\/wp-json\/wp\/v2\/comments?post=70460"}],"version-history":[{"count":1,"href":"https:\/\/portalmovil.com.ar\/index.php\/wp-json\/wp\/v2\/posts\/70460\/revisions"}],"predecessor-version":[{"id":70461,"href":"https:\/\/portalmovil.com.ar\/index.php\/wp-json\/wp\/v2\/posts\/70460\/revisions\/70461"}],"wp:featuredmedia":[{"embeddable":true,"href":"https:\/\/portalmovil.com.ar\/index.php\/wp-json\/wp\/v2\/media\/46947"}],"wp:attachment":[{"href":"https:\/\/portalmovil.com.ar\/index.php\/wp-json\/wp\/v2\/media?parent=70460"}],"wp:term":[{"taxonomy":"category","embeddable":true,"href":"https:\/\/portalmovil.com.ar\/index.php\/wp-json\/wp\/v2\/categories?post=70460"},{"taxonomy":"post_tag","embeddable":true,"href":"https:\/\/portalmovil.com.ar\/index.php\/wp-json\/wp\/v2\/tags?post=70460"}],"curies":[{"name":"wp","href":"https:\/\/api.w.org\/{rel}","templated":true}]}}