{"id":70428,"date":"2023-01-25T10:05:52","date_gmt":"2023-01-25T13:05:52","guid":{"rendered":"https:\/\/portalmovil.com.ar\/?p=70428"},"modified":"2023-01-25T10:10:31","modified_gmt":"2023-01-25T13:10:31","slug":"el-papa-francisco-la-homosexualidad-no-es-un-delito","status":"publish","type":"post","link":"https:\/\/portalmovil.com.ar\/index.php\/2023\/01\/25\/el-papa-francisco-la-homosexualidad-no-es-un-delito\/","title":{"rendered":"El papa Francisco: \u201cLa homosexualidad no es un delito\u201d"},"content":{"rendered":"\n<p>El papa Francisco dijo que la homosexualidad \u00abno es un delito\u00bb, pero s\u00ed un \u00abpecado\u00bb y advirti\u00f3 sobre los obispos de algunas partes del mundo que respaldan a las leyes que criminalizan o discriminan a la comunidad LGBTIQ+.<\/p>\n\n\n\n<p>El jefe de la Iglesia cat\u00f3lica atribuy\u00f3 la posici\u00f3n de algunos obispos a contextos culturales y dijo que deben atravesar por un proceso de cambio para reconocer la dignidad de todos. Dijo que deben tener un \u00abproceso de conversi\u00f3n\u00bb, y mostrar \u00abternura, como la tiene Dios con cada uno de nosotros\u00bb.<\/p>\n\n\n\n<p>Francisco dijo sobre la homosexualidad: \u00abNo es un delito, pero es pecado. Bueno, primero distingamos pecado por delito. Pero tambi\u00e9n es pecado la falta de caridad con el pr\u00f3jimo\u00bb.<\/p>\n\n\n\n<h2 class=\"wp-block-heading\"><strong>EL PAPA FRANCISCO CRITIC\u00d3 A LAS LEYES CONTRA LA COMUNIDAD LGBTIQ+<\/strong><\/h2>\n\n\n\n<p>El papa calific\u00f3 de \u00abinjustas\u00bb las leyes contra la comunidad LGBTIQ+ y dijo que la Iglesia cat\u00f3lica puede y debe trabajar para ponerles fin: \u00abTiene que hacerlo, tiene que hacerlo\u00bb.<\/p>\n\n\n\n<p>\u2022 Unos 67 pa\u00edses o jurisdicciones de todo el mundo penalizan las relaciones sexuales consensuadas entre personas del mismo sexo y once de ellos pueden aplicar o aplican la pena de muerte, seg\u00fan The Human Dignity Trust, que trabaja para terminar con esas leyes.<\/p>\n\n\n\n<p>\u2022 En m\u00e1s de doce estados de Estados Unidos todav\u00eda rigen leyes contra la sodom\u00eda, pese a un fallo de 2003 de la Corte Suprema de ese pa\u00eds que las declar\u00f3 inconstitucionales. Entre ellas la conocida como \u00abNo diga gay\u00bb en Florida, que proh\u00edbe la educaci\u00f3n sobre orientaci\u00f3n sexual e identidad de g\u00e9nero entre jard\u00edn de infancia y tercer grado.<\/p>\n\n\n\n<p>\u2022 Estas leyes son habituales en \u00c1frica y Oriente Medio, se remontan a la era colonial brit\u00e1nica o se ven inspiradas por la ley isl\u00e1mica. Algunos obispos cat\u00f3licos las defienden al argumentar que van en l\u00ednea con la doctrina del Vaticano, que considera a la homosexualidad como \u00abintr\u00ednsecamente desordenada\u00bb, mientras que otros exigen que se revoquen porque suponen una violaci\u00f3n de la dignidad humana fundamental.<\/p>\n\n\n\n<p>\u2022 Naciones Unidas pidi\u00f3 reiteradamente el fin de las leyes que penalizan la homosexualidad, que advierte que violan los derechos a la privacidad y a la libertad ante la discriminaci\u00f3n, adem\u00e1s de incumplir las obligaciones de esos pa\u00edses seg\u00fan el derecho internacional de proteger los derechos humanos de todo el mundo, sin importar su orientaci\u00f3n sexual o identidad de g\u00e9nero.<\/p>\n\n\n\n<h2 class=\"wp-block-heading\"><strong>EL PAPA FRANCISCO RECLAM\u00d3 QUE LA IGLESIA ACEPTE A LA COMUNIDAD LGBTIQ+<\/strong><\/h2>\n\n\n\n<p>El papa cit\u00f3 el catequismo de la Iglesia cat\u00f3lica para reclamar la aceptaci\u00f3n y el respeto de la comunidad LGBTIQ+, y que no haya marginaci\u00f3n ni discriminaci\u00f3n: \u00abTodos somos hijos de Dios, que nos quiere, con la fuerza que luchamos cada uno por nuestra dignidad\u00bb, dijo en declaraciones a la agencia AP.<\/p>\n","protected":false},"excerpt":{"rendered":"<p>El papa Francisco dijo que la homosexualidad \u00abno es un delito\u00bb, pero s\u00ed un \u00abpecado\u00bb y advirti\u00f3 sobre los obispos de algunas partes del mundo que respaldan a las leyes que criminalizan o discriminan a la comunidad LGBTIQ+. El jefe de la Iglesia cat\u00f3lica atribuy\u00f3 la posici\u00f3n de algunos obispos a contextos culturales y dijo &hellip;<\/p>\n","protected":false},"author":2,"featured_media":70429,"comment_status":"open","ping_status":"open","sticky":false,"template":"","format":"standard","meta":{"_jetpack_memberships_contains_paid_content":false,"footnotes":"","jetpack_publicize_message":"","jetpack_publicize_feature_enabled":true,"jetpack_social_post_already_shared":true,"jetpack_social_options":{"image_generator_settings":{"template":"highway","default_image_id":0,"font":"","enabled":false},"version":2}},"categories":[17,12],"tags":[],"class_list":["post-70428","post","type-post","status-publish","format-standard","has-post-thumbnail","hentry","category-mundo","category-ultimo"],"jetpack_publicize_connections":[],"jetpack_featured_media_url":"https:\/\/portalmovil.com.ar\/wp-content\/uploads\/2023\/01\/d46ff500-70db-46a0-ac2f-979fe70eb4c3.jpg","jetpack_sharing_enabled":true,"amp_enabled":true,"_links":{"self":[{"href":"https:\/\/portalmovil.com.ar\/index.php\/wp-json\/wp\/v2\/posts\/70428","targetHints":{"allow":["GET"]}}],"collection":[{"href":"https:\/\/portalmovil.com.ar\/index.php\/wp-json\/wp\/v2\/posts"}],"about":[{"href":"https:\/\/portalmovil.com.ar\/index.php\/wp-json\/wp\/v2\/types\/post"}],"author":[{"embeddable":true,"href":"https:\/\/portalmovil.com.ar\/index.php\/wp-json\/wp\/v2\/users\/2"}],"replies":[{"embeddable":true,"href":"https:\/\/portalmovil.com.ar\/index.php\/wp-json\/wp\/v2\/comments?post=70428"}],"version-history":[{"count":2,"href":"https:\/\/portalmovil.com.ar\/index.php\/wp-json\/wp\/v2\/posts\/70428\/revisions"}],"predecessor-version":[{"id":70431,"href":"https:\/\/portalmovil.com.ar\/index.php\/wp-json\/wp\/v2\/posts\/70428\/revisions\/70431"}],"wp:featuredmedia":[{"embeddable":true,"href":"https:\/\/portalmovil.com.ar\/index.php\/wp-json\/wp\/v2\/media\/70429"}],"wp:attachment":[{"href":"https:\/\/portalmovil.com.ar\/index.php\/wp-json\/wp\/v2\/media?parent=70428"}],"wp:term":[{"taxonomy":"category","embeddable":true,"href":"https:\/\/portalmovil.com.ar\/index.php\/wp-json\/wp\/v2\/categories?post=70428"},{"taxonomy":"post_tag","embeddable":true,"href":"https:\/\/portalmovil.com.ar\/index.php\/wp-json\/wp\/v2\/tags?post=70428"}],"curies":[{"name":"wp","href":"https:\/\/api.w.org\/{rel}","templated":true}]}}