{"id":70360,"date":"2023-01-23T17:08:24","date_gmt":"2023-01-23T20:08:24","guid":{"rendered":"https:\/\/portalmovil.com.ar\/?p=70360"},"modified":"2023-01-23T17:08:28","modified_gmt":"2023-01-23T20:08:28","slug":"kike-teruel-anuncio-su-sorpresivo-retiro-de-los-nocheros","status":"publish","type":"post","link":"https:\/\/portalmovil.com.ar\/index.php\/2023\/01\/23\/kike-teruel-anuncio-su-sorpresivo-retiro-de-los-nocheros\/","title":{"rendered":"Kike Teruel anunci\u00f3 su sorpresivo retiro de Los Nocheros"},"content":{"rendered":"\n<p>Este domingo, Kike Teruel sorprendi\u00f3 al anunciar su salida de\u00a0Los Nocheros. El salte\u00f1o, que no es la primera vez que decide alejarse del grupo, afront\u00f3 los rumores de alejamiento y, mediante una historia de Instagram, confirm\u00f3 la triste noticia.<\/p>\n\n\n\n<p><strong>\u201c\u00bfC\u00f3mo les va? \u00bfC\u00f3mo est\u00e1n? Hay muchos rumores sobre mi partida del grupo, de Los Nocheros, y es verdad\u201d,<\/strong>&nbsp;confirm\u00f3 Teruel.<\/p>\n\n\n\n<p>Horas m\u00e1s tarde, el cantante hizo un vivo de Instagram y explic\u00f3 un poco m\u00e1s su decisi\u00f3n.&nbsp;<strong>\u201cEs un lindo momento para m\u00ed, porque es una decisi\u00f3n personal. Les cuento esto para eliminar especulaciones. Yo estoy bien y me siento bien con la decisi\u00f3n que tom\u00e9\u201d,<\/strong>&nbsp;comenz\u00f3 el artista.<\/p>\n\n\n\n<p>Y, agreg\u00f3:&nbsp;<strong>\u201cMe voy en un gran momento de mi vida. Es un momento adecuado para hacer esto. El grupo est\u00e1 muy bien, el 2022 fue espectacular. Y estoy bien con los chicos, tengo excelente relaci\u00f3n con Mario, Alva y Rub\u00e9n\u201d.<\/strong><\/p>\n\n\n\n<p><strong>\u201cHace rato me quer\u00eda ir\u2026 es como jugar en un equipo y dar pases nada m\u00e1s, no ir al frente, y yo siempre fui de ir al frente\u201d, explic\u00f3.<\/strong><\/p>\n\n\n\n<p>Adem\u00e1s, Teruel lanz\u00f3 una impactante afirmaci\u00f3n que da cuenta de la importancia total de su partida:&nbsp;<strong>\u201cYo me hice con Los Nocheros, mi voz queda ah\u00ed. No voy a seguir como solista, no voy a seguir cantando\u201d.<\/strong><\/p>\n\n\n\n<p>La noticia llam\u00f3 la atenci\u00f3n de los seguidores y los fans del grupo sobre todo porque se viraliza, a pocos d\u00edas de que Los Nocheros se presenten en el tradicional Festival Nacional de Folklore de Cosqu\u00edn, el pr\u00f3ximo mi\u00e9rcoles 25 de enero.<\/p>\n","protected":false},"excerpt":{"rendered":"<p>Este domingo, Kike Teruel sorprendi\u00f3 al anunciar su salida de\u00a0Los Nocheros. El salte\u00f1o, que no es la primera vez que decide alejarse del grupo, afront\u00f3 los rumores de alejamiento y, mediante una historia de Instagram, confirm\u00f3 la triste noticia. \u201c\u00bfC\u00f3mo les va? \u00bfC\u00f3mo est\u00e1n? Hay muchos rumores sobre mi partida del grupo, de Los Nocheros, &hellip;<\/p>\n","protected":false},"author":2,"featured_media":70361,"comment_status":"open","ping_status":"open","sticky":false,"template":"","format":"standard","meta":{"_jetpack_memberships_contains_paid_content":false,"footnotes":"","jetpack_publicize_message":"","jetpack_publicize_feature_enabled":true,"jetpack_social_post_already_shared":true,"jetpack_social_options":{"image_generator_settings":{"template":"highway","default_image_id":0,"font":"","enabled":false},"version":2}},"categories":[158],"tags":[],"class_list":["post-70360","post","type-post","status-publish","format-standard","has-post-thumbnail","hentry","category-espectaculos"],"jetpack_publicize_connections":[],"jetpack_featured_media_url":"https:\/\/portalmovil.com.ar\/wp-content\/uploads\/2023\/01\/95fe9b06-e601-49a9-ba8a-399c8fed2f8e.jpg","jetpack_sharing_enabled":true,"amp_enabled":true,"_links":{"self":[{"href":"https:\/\/portalmovil.com.ar\/index.php\/wp-json\/wp\/v2\/posts\/70360","targetHints":{"allow":["GET"]}}],"collection":[{"href":"https:\/\/portalmovil.com.ar\/index.php\/wp-json\/wp\/v2\/posts"}],"about":[{"href":"https:\/\/portalmovil.com.ar\/index.php\/wp-json\/wp\/v2\/types\/post"}],"author":[{"embeddable":true,"href":"https:\/\/portalmovil.com.ar\/index.php\/wp-json\/wp\/v2\/users\/2"}],"replies":[{"embeddable":true,"href":"https:\/\/portalmovil.com.ar\/index.php\/wp-json\/wp\/v2\/comments?post=70360"}],"version-history":[{"count":1,"href":"https:\/\/portalmovil.com.ar\/index.php\/wp-json\/wp\/v2\/posts\/70360\/revisions"}],"predecessor-version":[{"id":70362,"href":"https:\/\/portalmovil.com.ar\/index.php\/wp-json\/wp\/v2\/posts\/70360\/revisions\/70362"}],"wp:featuredmedia":[{"embeddable":true,"href":"https:\/\/portalmovil.com.ar\/index.php\/wp-json\/wp\/v2\/media\/70361"}],"wp:attachment":[{"href":"https:\/\/portalmovil.com.ar\/index.php\/wp-json\/wp\/v2\/media?parent=70360"}],"wp:term":[{"taxonomy":"category","embeddable":true,"href":"https:\/\/portalmovil.com.ar\/index.php\/wp-json\/wp\/v2\/categories?post=70360"},{"taxonomy":"post_tag","embeddable":true,"href":"https:\/\/portalmovil.com.ar\/index.php\/wp-json\/wp\/v2\/tags?post=70360"}],"curies":[{"name":"wp","href":"https:\/\/api.w.org\/{rel}","templated":true}]}}