{"id":70261,"date":"2023-01-22T15:01:18","date_gmt":"2023-01-22T18:01:18","guid":{"rendered":"https:\/\/portalmovil.com.ar\/?p=70261"},"modified":"2023-01-22T15:01:20","modified_gmt":"2023-01-22T18:01:20","slug":"la-bajante-del-parana-continuara-hasta-el-otono","status":"publish","type":"post","link":"https:\/\/portalmovil.com.ar\/index.php\/2023\/01\/22\/la-bajante-del-parana-continuara-hasta-el-otono\/","title":{"rendered":"La bajante del Paran\u00e1 continuar\u00e1 hasta el oto\u00f1o"},"content":{"rendered":"\n<p>La bajante extraordinaria del r\u00edo Paran\u00e1 se extender\u00e1 hasta mediados del oto\u00f1o seg\u00fan la previsi\u00f3n clim\u00e1tica de normalizaci\u00f3n de las lluvias, dijo a T\u00e9lam el subgerente de Sistemas de Informaci\u00f3n y Alerta Hidrol\u00f3gico del Instituto Nacional del Agua (INA), Juan Bor\u00fas.<\/p>\n\n\n\n<p>El hidr\u00f3logo a cargo del seguimiento de la Cuenca del Plata explic\u00f3 que la bajante extraordinaria del r\u00edo Paran\u00e1, que se manifest\u00f3 fuertemente a partir de marzo del 2020, se extender\u00e1 por el resto del verano. \u00abEl tramo de Corrientes para abajo est\u00e1 en aguas bajas, aunque est\u00e9 el caudal subiendo gradualmente porque ha mejorado la condici\u00f3n de la alta Cuenca del Paran\u00e1. Lo que mejor\u00f3 ahora no alcanza para salir de aguas bajas y entrar en aguas medias. Para que eso ocurra vamos a tener que esperar probablemente a la segunda mitad del oto\u00f1o\u00bb, detall\u00f3 el funcionario.<\/p>\n\n\n\n<p>Respecto a qu\u00e9 condiciones se deben dar para revertir la bajante, indic\u00f3 que se tiene que normalizar la frecuencia de eventos de lluvias en la regi\u00f3n y aclar\u00f3 que no basta con que se produzca una gran tormenta en una zona.<\/p>\n\n\n\n<p>Seg\u00fan la previsi\u00f3n clim\u00e1tica, la normalizaci\u00f3n de lluvias se dar\u00eda en la segunda mitad del oto\u00f1o para los caudales de aporte del r\u00edo Paraguay, la alta Cuenca del Paran\u00e1 y el r\u00edo Iguaz\u00fa, por lo que Bor\u00fas estim\u00f3 que, si eso ocurre, se ir\u00eda trasladando a lo largo de un mes a todos los niveles en todas las partes de los r\u00edos, incluyendo al delta del Paran\u00e1 que tambi\u00e9n podr\u00eda alcanzar una condici\u00f3n normal.<\/p>\n\n\n\n<p>Para hacer frente a la bajante del Paran\u00e1 m\u00e1s importante de los \u00faltimos 79 a\u00f1os, desde el Sistema Nacional de Gesti\u00f3n Integral del Riesgo (Sinagir) se dispuso armar una mesa dedicada a estudiar y relevar los efectos del d\u00e9ficit h\u00eddrico.<\/p>\n\n\n\n<p>Esta instancia gener\u00f3 pol\u00edticas tales como la creaci\u00f3n en 2021 de un Fondo de Emergencia H\u00eddrica de 1.000 millones de pesos para la asistencia de las provincias y localidades afectadas.<\/p>\n\n\n\n<p>En este sentido, el Ministerio de Obras P\u00fablicas a trav\u00e9s del Fondo destin\u00f3 los recursos para trabajos en las tomas de agua sobre el r\u00edo Paran\u00e1 y arroyos interiores; la adquisici\u00f3n de bombas y dragados; la adecuaci\u00f3n de canales, ca\u00f1er\u00edas de conducci\u00f3n, aducci\u00f3n e impulso; y la instalaci\u00f3n de puentes flotantes para tomas temporarias.<\/p>\n\n\n\n<p>A su vez, Bor\u00fas destac\u00f3 el di\u00e1logo permanente que tuvo el Gobierno nacional con Brasil y Paraguay para administrar la escasez de agua e implementar medidas como las descargas especiales por el vertedero de la represa binacional Itaip\u00fa.<\/p>\n","protected":false},"excerpt":{"rendered":"<p>La bajante extraordinaria del r\u00edo Paran\u00e1 se extender\u00e1 hasta mediados del oto\u00f1o seg\u00fan la previsi\u00f3n clim\u00e1tica de normalizaci\u00f3n de las lluvias, dijo a T\u00e9lam el subgerente de Sistemas de Informaci\u00f3n y Alerta Hidrol\u00f3gico del Instituto Nacional del Agua (INA), Juan Bor\u00fas. El hidr\u00f3logo a cargo del seguimiento de la Cuenca del Plata explic\u00f3 que la &hellip;<\/p>\n","protected":false},"author":2,"featured_media":70262,"comment_status":"open","ping_status":"open","sticky":false,"template":"","format":"standard","meta":{"_jetpack_memberships_contains_paid_content":false,"footnotes":"","jetpack_publicize_message":"","jetpack_publicize_feature_enabled":true,"jetpack_social_post_already_shared":true,"jetpack_social_options":{"image_generator_settings":{"template":"highway","default_image_id":0,"font":"","enabled":false},"version":2}},"categories":[28,5],"tags":[],"class_list":["post-70261","post","type-post","status-publish","format-standard","has-post-thumbnail","hentry","category-actualidad","category-chaco"],"jetpack_publicize_connections":[],"jetpack_featured_media_url":"https:\/\/portalmovil.com.ar\/wp-content\/uploads\/2023\/01\/63cc01fa6994a479154898.webp","jetpack_sharing_enabled":true,"amp_enabled":true,"_links":{"self":[{"href":"https:\/\/portalmovil.com.ar\/index.php\/wp-json\/wp\/v2\/posts\/70261","targetHints":{"allow":["GET"]}}],"collection":[{"href":"https:\/\/portalmovil.com.ar\/index.php\/wp-json\/wp\/v2\/posts"}],"about":[{"href":"https:\/\/portalmovil.com.ar\/index.php\/wp-json\/wp\/v2\/types\/post"}],"author":[{"embeddable":true,"href":"https:\/\/portalmovil.com.ar\/index.php\/wp-json\/wp\/v2\/users\/2"}],"replies":[{"embeddable":true,"href":"https:\/\/portalmovil.com.ar\/index.php\/wp-json\/wp\/v2\/comments?post=70261"}],"version-history":[{"count":1,"href":"https:\/\/portalmovil.com.ar\/index.php\/wp-json\/wp\/v2\/posts\/70261\/revisions"}],"predecessor-version":[{"id":70263,"href":"https:\/\/portalmovil.com.ar\/index.php\/wp-json\/wp\/v2\/posts\/70261\/revisions\/70263"}],"wp:featuredmedia":[{"embeddable":true,"href":"https:\/\/portalmovil.com.ar\/index.php\/wp-json\/wp\/v2\/media\/70262"}],"wp:attachment":[{"href":"https:\/\/portalmovil.com.ar\/index.php\/wp-json\/wp\/v2\/media?parent=70261"}],"wp:term":[{"taxonomy":"category","embeddable":true,"href":"https:\/\/portalmovil.com.ar\/index.php\/wp-json\/wp\/v2\/categories?post=70261"},{"taxonomy":"post_tag","embeddable":true,"href":"https:\/\/portalmovil.com.ar\/index.php\/wp-json\/wp\/v2\/tags?post=70261"}],"curies":[{"name":"wp","href":"https:\/\/api.w.org\/{rel}","templated":true}]}}