{"id":70183,"date":"2023-01-20T11:25:15","date_gmt":"2023-01-20T14:25:15","guid":{"rendered":"https:\/\/portalmovil.com.ar\/?p=70183"},"modified":"2023-01-20T11:25:18","modified_gmt":"2023-01-20T14:25:18","slug":"la-oms-analiza-el-fin-de-la-pandemia-de-covid-19","status":"publish","type":"post","link":"https:\/\/portalmovil.com.ar\/index.php\/2023\/01\/20\/la-oms-analiza-el-fin-de-la-pandemia-de-covid-19\/","title":{"rendered":"La OMS analiza el fin de la pandemia de Covid-19"},"content":{"rendered":"\n<p>El pr\u00f3ximo 27 de enero, integrantes de la Organizaci\u00f3n Mundial de la Salud (OMS), se reunir\u00e1 con diferentes especialistas, con el objetivo de evaluar si la pandemia del Covid-19 dej\u00f3 de ser una emergencia de salud p\u00fablica internacional.<\/p>\n\n\n\n<p>En este contexto,&nbsp;<strong>el comit\u00e9 que asesora al director general, el Doctor Tedros Adhanom Ghebreyesus, esgrimir\u00e1 sus argumentos en contra o a favor de finalizar con el concepto de pandemia.<\/strong><\/p>\n\n\n\n<p><strong>La reuni\u00f3n hab\u00eda sido pactada para octubre de 2022, pero fue postergada por la aparici\u00f3n de nuevas variantes que afectaron a la poblaci\u00f3n mundial.<\/strong><\/p>\n\n\n\n<p>A pesar de los n\u00fameros y las preocupaciones en China, pa\u00eds donde se origin\u00f3 el virus,&nbsp;<strong>el Comit\u00e9 de Emergencia bajo el Reglamento Sanitario Internacional (RSI) sobre la pandemia de Covid-19, analizar\u00e1 el tipo de impacto que tiene actualmente el Covid-19 en la poblaci\u00f3n y en los sistemas sanitarios.<\/strong><\/p>\n\n\n\n<p>El organismo, conformado por 17 especialistas, es dirigido por Didier Houssin, profesor de cirug\u00eda y especialista en trasplantes de la Universidad de Par\u00eds-Descartes y asesor en seguridad sanitaria de la OMS.<\/p>\n\n\n\n<p><strong>El 30 de enero se cumplir\u00e1n tres a\u00f1os desde que Houssin, acompa\u00f1ado por Tedros Adhanom Ghebreyesus, anunci\u00f3 el brote de un nuevo coronavirus en China,<\/strong>&nbsp;lo que significa una emergencia de salud p\u00fablica de preocupaci\u00f3n internacional, un mes y medio antes de calificar a la situaci\u00f3n como una pandemia.<\/p>\n\n\n\n<p>El director de la OMS fue optimista con el escenario de la pandemia a nivel mundial:<strong>&nbsp;\u201cNo hay duda de que, globalmente, estamos en una situaci\u00f3n significativamente mejor que hace un a\u00f1o\u00bb.<\/strong><\/p>\n\n\n\n<p><strong>Adem\u00e1s, hizo referencia a la cantidad de muertes, la cual se estanc\u00f3 entre 10.000 y 14.000 decesos semanales desde mediados de septiembre:<\/strong>&nbsp;\u201cEl mundo no puede aceptar esa cantidad de muertes cuando contamos con las herramientas para prevenirlas. La semana pasada se notificaron a la OMS casi 11.500 muertes: el 40% de Am\u00e9rica, el 30% de Europa y el 30% de la regi\u00f3n del Pac\u00edfico occidental. Pero, seguramente, esa cifra es una subestimaci\u00f3n, dada la subnotificaci\u00f3n de muertes por Covid en China\u201d.<\/p>\n","protected":false},"excerpt":{"rendered":"<p>El pr\u00f3ximo 27 de enero, integrantes de la Organizaci\u00f3n Mundial de la Salud (OMS), se reunir\u00e1 con diferentes especialistas, con el objetivo de evaluar si la pandemia del Covid-19 dej\u00f3 de ser una emergencia de salud p\u00fablica internacional. En este contexto,&nbsp;el comit\u00e9 que asesora al director general, el Doctor Tedros Adhanom Ghebreyesus, esgrimir\u00e1 sus argumentos &hellip;<\/p>\n","protected":false},"author":2,"featured_media":13263,"comment_status":"open","ping_status":"open","sticky":false,"template":"","format":"standard","meta":{"_jetpack_memberships_contains_paid_content":false,"footnotes":"","jetpack_publicize_message":"","jetpack_publicize_feature_enabled":true,"jetpack_social_post_already_shared":true,"jetpack_social_options":{"image_generator_settings":{"template":"highway","default_image_id":0,"font":"","enabled":false},"version":2}},"categories":[17,12],"tags":[],"class_list":["post-70183","post","type-post","status-publish","format-standard","has-post-thumbnail","hentry","category-mundo","category-ultimo"],"jetpack_publicize_connections":[],"jetpack_featured_media_url":"https:\/\/portalmovil.com.ar\/wp-content\/uploads\/2020\/09\/o_1600456565.jpg","jetpack_sharing_enabled":true,"amp_enabled":true,"_links":{"self":[{"href":"https:\/\/portalmovil.com.ar\/index.php\/wp-json\/wp\/v2\/posts\/70183","targetHints":{"allow":["GET"]}}],"collection":[{"href":"https:\/\/portalmovil.com.ar\/index.php\/wp-json\/wp\/v2\/posts"}],"about":[{"href":"https:\/\/portalmovil.com.ar\/index.php\/wp-json\/wp\/v2\/types\/post"}],"author":[{"embeddable":true,"href":"https:\/\/portalmovil.com.ar\/index.php\/wp-json\/wp\/v2\/users\/2"}],"replies":[{"embeddable":true,"href":"https:\/\/portalmovil.com.ar\/index.php\/wp-json\/wp\/v2\/comments?post=70183"}],"version-history":[{"count":2,"href":"https:\/\/portalmovil.com.ar\/index.php\/wp-json\/wp\/v2\/posts\/70183\/revisions"}],"predecessor-version":[{"id":70185,"href":"https:\/\/portalmovil.com.ar\/index.php\/wp-json\/wp\/v2\/posts\/70183\/revisions\/70185"}],"wp:featuredmedia":[{"embeddable":true,"href":"https:\/\/portalmovil.com.ar\/index.php\/wp-json\/wp\/v2\/media\/13263"}],"wp:attachment":[{"href":"https:\/\/portalmovil.com.ar\/index.php\/wp-json\/wp\/v2\/media?parent=70183"}],"wp:term":[{"taxonomy":"category","embeddable":true,"href":"https:\/\/portalmovil.com.ar\/index.php\/wp-json\/wp\/v2\/categories?post=70183"},{"taxonomy":"post_tag","embeddable":true,"href":"https:\/\/portalmovil.com.ar\/index.php\/wp-json\/wp\/v2\/tags?post=70183"}],"curies":[{"name":"wp","href":"https:\/\/api.w.org\/{rel}","templated":true}]}}