{"id":70171,"date":"2023-01-20T09:16:09","date_gmt":"2023-01-20T12:16:09","guid":{"rendered":"https:\/\/portalmovil.com.ar\/?p=70171"},"modified":"2023-01-20T09:16:32","modified_gmt":"2023-01-20T12:16:32","slug":"se-extendio-el-plazo-para-la-recategorizacion-del-monotributo","status":"publish","type":"post","link":"https:\/\/portalmovil.com.ar\/index.php\/2023\/01\/20\/se-extendio-el-plazo-para-la-recategorizacion-del-monotributo\/","title":{"rendered":"Se extendi\u00f3 el plazo para la recategorizaci\u00f3n del monotributo"},"content":{"rendered":"\n<p>La Administraci\u00f3n Federal de Ingresos P\u00fablicos (AFIP) anunci\u00f3 este jueves la extensi\u00f3n hasta el 27 de enero, inclusive, el plazo para que los monotributistas realicen su recategorizaci\u00f3n, correspondiente al semestre julio-diciembre de 2022.\u00a0El organismo lo dispuso a trav\u00e9s de la Resoluci\u00f3n General N\u00b0 5318\/23, que ser\u00e1 publicada en el Bolet\u00edn Oficial.<\/p>\n\n\n\n<p><strong>El 1 de este mes comenzaron a regir las nuevas escalas. Es por ello que los contribuyentes inscriptos en este r\u00e9gimen deber\u00e1n recategorizarse, en caso de que les corresponda.<\/strong><\/p>\n\n\n\n<p>El organismo inform\u00f3 que,&nbsp;<strong>para saber si corresponde una recategorizaci\u00f3n, se debe tener en cuenta la actividad de los \u00faltimos 12 meses respecto a la facturaci\u00f3n o alguno de los otros par\u00e1metros utilizados para el encasillamiento<\/strong>, como la superficie afectada, los alquileres devengados anualmente o el consumo de energ\u00eda el\u00e9ctrica.<\/p>\n\n\n\n<p>\u00abCuando los distintos par\u00e1metros analizados superan o son inferiores a los de la categor\u00eda vigente corresponde realizar la recategorizaci\u00f3n. El importe correspondiente a la nueva categor\u00eda se abonar\u00e1 al mes siguiente a la recategorizaci\u00f3n\u00bb, explicaron.<\/p>\n\n\n\n<p><strong>En el caso de los monotributistas que mantengan la misma categor\u00eda \u00abno deber\u00e1n efectuar ninguna acci\u00f3n\u00bb.<\/strong>&nbsp;Lo mismo ocurre en aquellos casos en que hubieran transcurrido menos de 6 meses de la inscripci\u00f3n.<\/p>\n\n\n\n<h3 class=\"wp-block-heading\"><strong>C\u00d3MO REALIZAR LA RECATEGORIZACI\u00d3N DE MONOTRIBUTO<\/strong><\/h3>\n\n\n\n<p>En caso de que corresponda realizar la recategorizaci\u00f3n, deber\u00e1n ingresar al sitio de AFIP con n\u00famero de CUIT\/CUIL\/CDI y clave fiscal.<\/p>\n\n\n\n<p>A continuaci\u00f3n, deber\u00e1n seleccionar la opci\u00f3n \u201cRecategorizarme\u201d y autom\u00e1ticamente el sistema informar\u00e1 la categor\u00eda actual del contribuyente y los topes de cada par\u00e1metro de esa categor\u00eda.<\/p>\n\n\n\n<p>Al seleccionar la opci\u00f3n \u201cContinuar recategorizaci\u00f3n\u201d, deber\u00e1n ingresar informaci\u00f3n correspondiente al monto facturado en los \u00faltimos 12 meses. Con estos datos, el sistema determina la nueva categor\u00eda correspondiente, que deber\u00e1 ser confirmada por en la opci\u00f3n \u201cConfirmar categor\u00eda\u201d.<\/p>\n\n\n\n<h3 class=\"wp-block-heading\"><strong>AFIP ACTUALIZ\u00d3 LOS MONTOS DEL MONOTRIBUTO PARA EL 2023<\/strong><\/h3>\n\n\n\n<p>La Administraci\u00f3n Federal de Ingresos P\u00fablicos (AFIP) public\u00f3 oficialmente las tablas con los par\u00e1metros actualizados de las categor\u00edas del monotributo, vigentes desde el 1 de enero del 2023, las cuales tendr\u00e1 un aumento previsto del 72%, a partir del primer mes del a\u00f1o entrante.<\/p>\n\n\n\n<p>De esta manera, todos los par\u00e1metros del Monotributo o R\u00e9gimen Simplificado, se actualizaron tanto en los montos m\u00e1ximos de facturaci\u00f3n, escalas y cuotas, que se rigen por la Ley de Movilidad, la misma que para los jubilados y otras asignaciones que paga la Anses.<\/p>\n\n\n\n<p>As\u00ed, los topes y cuotas suben un promedio del 72% desde la tabla vigente a principios de 2022, aunque no responde a todos los montos a facturar de igual manera.<\/p>\n\n\n\n<p>Con la nueva tabla de topes de facturaci\u00f3n, categor\u00edas y cuotas mensuales a pagar del Monotributo, que la AFIP actualizar\u00e1 en el primer d\u00eda del nuevo a\u00f1o, el m\u00e1ximo de ingresos para permanecer en el R\u00e9gimen Simplificado ser\u00e1 de poco m\u00e1s de $5,6 millones para la categor\u00eda H, la m\u00e1xima para los servicios, y de $8 millones para la categor\u00eda K, de venta de cosas muebles.<\/p>\n\n\n\n<ul class=\"wp-block-list\">\n<li>Categor\u00eda A: pasa de los actuales $748.382,07 a $999.657,23, unos $83.305 por mes.<\/li>\n\n\n\n<li>Categor\u00eda B: pasa de los $1.112.459,83 actuales a $1.485.976,96;<\/li>\n\n\n\n<li>Categor\u00eda C: pasa de $1.557.443,75 a $2.080.367,73;<\/li>\n\n\n\n<li>Categor\u00eda D: pasa de $1.934.273,04 a $2.583.720,42;<\/li>\n\n\n\n<li>Categor\u00eda E: el l\u00edmite de facturaci\u00f3n pasa de $2.277.684,56; a $3.042.435,05;<\/li>\n\n\n\n<li>Categor\u00eda F: la facturaci\u00f3n anual pasa de $2.847.105,70 a $3.803.043,82;<\/li>\n\n\n\n<li>Categor\u00eda G: de $3.416.526,83 a $4.563.652,57;<\/li>\n\n\n\n<li>Categor\u00eda H: de $4.229.985,60 a $5.650.236,51;<\/li>\n\n\n\n<li>Categor\u00eda I: $4.734.330,03 a $6.323.918,55;<\/li>\n\n\n\n<li>Categor\u00eda J: desde $5.425.770,00 a $7.247.514,92;<\/li>\n\n\n\n<li>Categor\u00eda K: el tope m\u00e1ximo pasar\u00e1 de $6.019.594,89 a $8.040.721,19.<\/li>\n<\/ul>\n\n\n\n<p>Con la nueva tabla, todos los monotributistas tendr\u00e1n que realizar la primera recategorizaci\u00f3n del a\u00f1o, que vence el 21 de enero, a fin de confirmar o cambiar (hacia arriba o hacia abajo) su categor\u00eda, de acuerdo con el nivel de facturaci\u00f3n alcanzado en 2021.<\/p>\n","protected":false},"excerpt":{"rendered":"<p>La Administraci\u00f3n Federal de Ingresos P\u00fablicos (AFIP) anunci\u00f3 este jueves la extensi\u00f3n hasta el 27 de enero, inclusive, el plazo para que los monotributistas realicen su recategorizaci\u00f3n, correspondiente al semestre julio-diciembre de 2022.\u00a0El organismo lo dispuso a trav\u00e9s de la Resoluci\u00f3n General N\u00b0 5318\/23, que ser\u00e1 publicada en el Bolet\u00edn Oficial. El 1 de este &hellip;<\/p>\n","protected":false},"author":2,"featured_media":8170,"comment_status":"open","ping_status":"open","sticky":false,"template":"","format":"standard","meta":{"_jetpack_memberships_contains_paid_content":false,"footnotes":"","jetpack_publicize_message":"","jetpack_publicize_feature_enabled":true,"jetpack_social_post_already_shared":true,"jetpack_social_options":{"image_generator_settings":{"template":"highway","default_image_id":0,"font":"","enabled":false},"version":2}},"categories":[28,639],"tags":[],"class_list":["post-70171","post","type-post","status-publish","format-standard","has-post-thumbnail","hentry","category-actualidad","category-argentina"],"jetpack_publicize_connections":[],"jetpack_featured_media_url":"https:\/\/portalmovil.com.ar\/wp-content\/uploads\/2020\/06\/0001225294.jpg","jetpack_sharing_enabled":true,"amp_enabled":true,"_links":{"self":[{"href":"https:\/\/portalmovil.com.ar\/index.php\/wp-json\/wp\/v2\/posts\/70171","targetHints":{"allow":["GET"]}}],"collection":[{"href":"https:\/\/portalmovil.com.ar\/index.php\/wp-json\/wp\/v2\/posts"}],"about":[{"href":"https:\/\/portalmovil.com.ar\/index.php\/wp-json\/wp\/v2\/types\/post"}],"author":[{"embeddable":true,"href":"https:\/\/portalmovil.com.ar\/index.php\/wp-json\/wp\/v2\/users\/2"}],"replies":[{"embeddable":true,"href":"https:\/\/portalmovil.com.ar\/index.php\/wp-json\/wp\/v2\/comments?post=70171"}],"version-history":[{"count":1,"href":"https:\/\/portalmovil.com.ar\/index.php\/wp-json\/wp\/v2\/posts\/70171\/revisions"}],"predecessor-version":[{"id":70172,"href":"https:\/\/portalmovil.com.ar\/index.php\/wp-json\/wp\/v2\/posts\/70171\/revisions\/70172"}],"wp:featuredmedia":[{"embeddable":true,"href":"https:\/\/portalmovil.com.ar\/index.php\/wp-json\/wp\/v2\/media\/8170"}],"wp:attachment":[{"href":"https:\/\/portalmovil.com.ar\/index.php\/wp-json\/wp\/v2\/media?parent=70171"}],"wp:term":[{"taxonomy":"category","embeddable":true,"href":"https:\/\/portalmovil.com.ar\/index.php\/wp-json\/wp\/v2\/categories?post=70171"},{"taxonomy":"post_tag","embeddable":true,"href":"https:\/\/portalmovil.com.ar\/index.php\/wp-json\/wp\/v2\/tags?post=70171"}],"curies":[{"name":"wp","href":"https:\/\/api.w.org\/{rel}","templated":true}]}}