{"id":70102,"date":"2023-01-17T12:05:00","date_gmt":"2023-01-17T15:05:00","guid":{"rendered":"https:\/\/portalmovil.com.ar\/?p=70102"},"modified":"2023-01-19T12:06:33","modified_gmt":"2023-01-19T15:06:33","slug":"martinez-entrego-indumentarias-de-trabajo-al-personal-de-pavimento-y-al-de-energia-urbana","status":"publish","type":"post","link":"https:\/\/portalmovil.com.ar\/index.php\/2023\/01\/17\/martinez-entrego-indumentarias-de-trabajo-al-personal-de-pavimento-y-al-de-energia-urbana\/","title":{"rendered":"Mart\u00ednez entreg\u00f3 indumentarias de trabajo al personal de Pavimento y al de Energ\u00eda Urbana"},"content":{"rendered":"\n<p>Continuando con la pol\u00edtica de proveer al personal municipal de las prendas necesarias para cumplir con los servicios a los vecinos de Resistencia, Gustavo entreg\u00f3 este martes nuevos kits de indumentarias de trabajo, que en este caso beneficiaron a las \u00e1reas de Pavimento y de Energ\u00eda Urbana.<\/p>\n\n\n\n<p>\u201cEs importante como gesti\u00f3n del Gobierno de la Ciudad continuar con la tarea permanente de trabajo conjunto con las distintas \u00e1reas y que el personal municipal cuente con los equipos adecuados\u201d, resalt\u00f3 el intendente en la Direcci\u00f3n de Pavimento y Conservaci\u00f3n, donde 95 operarios recibieron sus ropas de trabajo.<\/p>\n\n\n\n<p>\u201cDeben contar con los equipos adecuados para cumplir los servicios en la ciudad, sabemos que cuesta mucho mantener estas prendas pero llevamos adelante esta inversi\u00f3n interna para que tengan las mejores condiciones para brindar los servicios\u201d, asever\u00f3.<\/p>\n\n\n\n<p>Dej\u00f3 en claro que \u201cla indumentaria no solo hace al color para que sean identificados en la v\u00eda p\u00fablica, sino tambi\u00e9n a la protecci\u00f3n para cuando desarrollan sus tareas\u201d.<\/p>\n\n\n\n<p>En ese contexto, agreg\u00f3: \u201cSabemos que, por ejemplo, se trabaja con hormig\u00f3n y material pesado y por eso deben tener sus pies protegidos con borcegu\u00edes especiales con punta de acero\u201d.<\/p>\n\n\n\n<p>\u201cAdem\u00e1s \u2013 continu\u00f3 -, la ropa de grafa amortigua un poco el calor, al igual que los trabajadores de Energ\u00eda Urbana, que contar\u00e1n ahora con botines diel\u00e9ctricos para estar m\u00e1s protegidos\u201d.<\/p>\n\n\n\n<p>Reconoci\u00f3 a la vez que \u201cseguimos apostando para que siempre el personal municipal tenga las mejores condiciones, nunca antes se entregaron tantas prendas de trabajo como en esta gesti\u00f3n, en especial a las \u00e1reas de servicios, que fueron las m\u00e1s abandonadas\u201d.<\/p>\n\n\n\n<p><strong>LA INDUMENTARIA<\/strong><\/p>\n\n\n\n<p>Marcos Pereyra, subsecretario de infraestructura y Equipamiento Urbano, explic\u00f3 que se entregaron 54 kits de prendas de trabajo al personal de la Direcci\u00f3n General de Pavimento y 41 a la Direcci\u00f3n de Energ\u00eda Urbana.<\/p>\n\n\n\n<p>Por su parte, el director de Pavimento, Fabi\u00e1n Bravo, detall\u00f3 que las ropas recibidas fueron pantalones y camisas de grafa, m\u00e1s borcegu\u00edes.<\/p>\n","protected":false},"excerpt":{"rendered":"<p>Continuando con la pol\u00edtica de proveer al personal municipal de las prendas necesarias para cumplir con los servicios a los vecinos de Resistencia, Gustavo entreg\u00f3 este martes nuevos kits de indumentarias de trabajo, que en este caso beneficiaron a las \u00e1reas de Pavimento y de Energ\u00eda Urbana. \u201cEs importante como gesti\u00f3n del Gobierno de la &hellip;<\/p>\n","protected":false},"author":2,"featured_media":70103,"comment_status":"open","ping_status":"open","sticky":false,"template":"","format":"standard","meta":{"_jetpack_memberships_contains_paid_content":false,"footnotes":"","jetpack_publicize_message":"","jetpack_publicize_feature_enabled":true,"jetpack_social_post_already_shared":true,"jetpack_social_options":{"image_generator_settings":{"template":"highway","default_image_id":0,"font":"","enabled":false},"version":2}},"categories":[14,37],"tags":[],"class_list":["post-70102","post","type-post","status-publish","format-standard","has-post-thumbnail","hentry","category-politica","category-resistencia"],"jetpack_publicize_connections":[],"jetpack_featured_media_url":"https:\/\/portalmovil.com.ar\/wp-content\/uploads\/2023\/01\/Entrega-de-indumentaria-1-696x464-1.jpg","jetpack_sharing_enabled":true,"amp_enabled":true,"_links":{"self":[{"href":"https:\/\/portalmovil.com.ar\/index.php\/wp-json\/wp\/v2\/posts\/70102","targetHints":{"allow":["GET"]}}],"collection":[{"href":"https:\/\/portalmovil.com.ar\/index.php\/wp-json\/wp\/v2\/posts"}],"about":[{"href":"https:\/\/portalmovil.com.ar\/index.php\/wp-json\/wp\/v2\/types\/post"}],"author":[{"embeddable":true,"href":"https:\/\/portalmovil.com.ar\/index.php\/wp-json\/wp\/v2\/users\/2"}],"replies":[{"embeddable":true,"href":"https:\/\/portalmovil.com.ar\/index.php\/wp-json\/wp\/v2\/comments?post=70102"}],"version-history":[{"count":1,"href":"https:\/\/portalmovil.com.ar\/index.php\/wp-json\/wp\/v2\/posts\/70102\/revisions"}],"predecessor-version":[{"id":70104,"href":"https:\/\/portalmovil.com.ar\/index.php\/wp-json\/wp\/v2\/posts\/70102\/revisions\/70104"}],"wp:featuredmedia":[{"embeddable":true,"href":"https:\/\/portalmovil.com.ar\/index.php\/wp-json\/wp\/v2\/media\/70103"}],"wp:attachment":[{"href":"https:\/\/portalmovil.com.ar\/index.php\/wp-json\/wp\/v2\/media?parent=70102"}],"wp:term":[{"taxonomy":"category","embeddable":true,"href":"https:\/\/portalmovil.com.ar\/index.php\/wp-json\/wp\/v2\/categories?post=70102"},{"taxonomy":"post_tag","embeddable":true,"href":"https:\/\/portalmovil.com.ar\/index.php\/wp-json\/wp\/v2\/tags?post=70102"}],"curies":[{"name":"wp","href":"https:\/\/api.w.org\/{rel}","templated":true}]}}