{"id":70082,"date":"2023-01-18T22:27:19","date_gmt":"2023-01-19T01:27:19","guid":{"rendered":"https:\/\/portalmovil.com.ar\/?p=70082"},"modified":"2023-01-18T22:27:22","modified_gmt":"2023-01-19T01:27:22","slug":"solicitan-datos-sobre-el-paradero-de-fabiana-blanco","status":"publish","type":"post","link":"https:\/\/portalmovil.com.ar\/index.php\/2023\/01\/18\/solicitan-datos-sobre-el-paradero-de-fabiana-blanco\/","title":{"rendered":"Solicitan datos sobre el paradero de Fabiana Blanco"},"content":{"rendered":"\n<p>La Polic\u00eda del Chaco, en base a una denuncia registrada en Comisaria S\u00e9ptima de Resistencia, solicita a la comunidad colaboraci\u00f3n sobre toda informaci\u00f3n relacionada al paradero de Fabiana Ester Blanco, de 32 a\u00f1os.<\/p>\n\n\n\n<p>La joven de 1,60 metros de altura, contextura f\u00edsica robusta, tez morena, cabello corto negro, ojos color negros fue vista por \u00faltima vez en calle Hip\u00f3lito Irigoyen de esta capital, el pasado domingo 15 de enero.<\/p>\n\n\n\n<p>Se requiere a la comunidad, ante cualquier novedad sobre la persona, acercarse a la unidad m\u00e1s pr\u00f3xima a su domicilio o bien comunicarse a Comisaria S\u00e9ptima de Resistencia al 3624474234 o al servicio de emergencias 911.<\/p>\n","protected":false},"excerpt":{"rendered":"<p>La Polic\u00eda del Chaco, en base a una denuncia registrada en Comisaria S\u00e9ptima de Resistencia, solicita a la comunidad colaboraci\u00f3n sobre toda informaci\u00f3n relacionada al paradero de Fabiana Ester Blanco, de 32 a\u00f1os. La joven de 1,60 metros de altura, contextura f\u00edsica robusta, tez morena, cabello corto negro, ojos color negros fue vista por \u00faltima &hellip;<\/p>\n","protected":false},"author":2,"featured_media":70083,"comment_status":"open","ping_status":"open","sticky":false,"template":"","format":"standard","meta":{"_jetpack_memberships_contains_paid_content":false,"footnotes":"","jetpack_publicize_message":"","jetpack_publicize_feature_enabled":true,"jetpack_social_post_already_shared":true,"jetpack_social_options":{"image_generator_settings":{"template":"highway","default_image_id":0,"font":"","enabled":false},"version":2}},"categories":[5],"tags":[],"class_list":["post-70082","post","type-post","status-publish","format-standard","has-post-thumbnail","hentry","category-chaco"],"jetpack_publicize_connections":[],"jetpack_featured_media_url":"https:\/\/portalmovil.com.ar\/wp-content\/uploads\/2023\/01\/63c897f2879d9292845839.jpg","jetpack_sharing_enabled":true,"amp_enabled":true,"_links":{"self":[{"href":"https:\/\/portalmovil.com.ar\/index.php\/wp-json\/wp\/v2\/posts\/70082","targetHints":{"allow":["GET"]}}],"collection":[{"href":"https:\/\/portalmovil.com.ar\/index.php\/wp-json\/wp\/v2\/posts"}],"about":[{"href":"https:\/\/portalmovil.com.ar\/index.php\/wp-json\/wp\/v2\/types\/post"}],"author":[{"embeddable":true,"href":"https:\/\/portalmovil.com.ar\/index.php\/wp-json\/wp\/v2\/users\/2"}],"replies":[{"embeddable":true,"href":"https:\/\/portalmovil.com.ar\/index.php\/wp-json\/wp\/v2\/comments?post=70082"}],"version-history":[{"count":2,"href":"https:\/\/portalmovil.com.ar\/index.php\/wp-json\/wp\/v2\/posts\/70082\/revisions"}],"predecessor-version":[{"id":70085,"href":"https:\/\/portalmovil.com.ar\/index.php\/wp-json\/wp\/v2\/posts\/70082\/revisions\/70085"}],"wp:featuredmedia":[{"embeddable":true,"href":"https:\/\/portalmovil.com.ar\/index.php\/wp-json\/wp\/v2\/media\/70083"}],"wp:attachment":[{"href":"https:\/\/portalmovil.com.ar\/index.php\/wp-json\/wp\/v2\/media?parent=70082"}],"wp:term":[{"taxonomy":"category","embeddable":true,"href":"https:\/\/portalmovil.com.ar\/index.php\/wp-json\/wp\/v2\/categories?post=70082"},{"taxonomy":"post_tag","embeddable":true,"href":"https:\/\/portalmovil.com.ar\/index.php\/wp-json\/wp\/v2\/tags?post=70082"}],"curies":[{"name":"wp","href":"https:\/\/api.w.org\/{rel}","templated":true}]}}