{"id":69968,"date":"2023-01-17T18:39:21","date_gmt":"2023-01-17T21:39:21","guid":{"rendered":"https:\/\/portalmovil.com.ar\/?p=69968"},"modified":"2023-01-17T18:46:48","modified_gmt":"2023-01-17T21:46:48","slug":"fernandez-mi-objetivo-es-que-los-argentinos-tengan-trabajo-digno","status":"publish","type":"post","link":"https:\/\/portalmovil.com.ar\/index.php\/2023\/01\/17\/fernandez-mi-objetivo-es-que-los-argentinos-tengan-trabajo-digno\/","title":{"rendered":"Fern\u00e1ndez: \u00abMi objetivo es que los argentinos tengan trabajo digno\u201d"},"content":{"rendered":"\n<p>\u201cEl Gobierno anterior les dec\u00eda a los trabajadores que se hagan emprendedores y que repartieran pizzas. Mi objetivo es que los argentinos tengan trabajo digno\u201d, dijo el Presidente al inaugurar una ampliaci\u00f3n del Hospital &#8216;Rub\u00e9n Caporaletti&#8217;, la obra p\u00fablica n\u00famero 2838 realizada por el Gobierno nacional en todo el pa\u00eds.<\/p>\n\n\n\n<p>El presidente Alberto Fern\u00e1ndez sostuvo este martes que en su gesti\u00f3n \u201cs\u00f3lo cumple con la obligaci\u00f3n constitucional de mejorarle la vida a todos los argentinos desde una perspectiva federal\u201d, al inaugurar una ampliaci\u00f3n del Hospital Rub\u00e9nCaporaletti en el partido bonaerense de Jos\u00e9 C. Paz, donde se anunci\u00f3 la finalizaci\u00f3n de las primeras 2.838 obras p\u00fablicas realizadas por el Gobierno nacional en todo el pa\u00eds.<\/p>\n\n\n\n<p>\u201cA m\u00ed no me tienen que agradecer nada, s\u00f3lo cumplo con mi deber\u201d, dijo Fern\u00e1ndez, quien se manifest\u00f3 \u201corgulloso\u201d por haber concluido esa cantidad de obras, para \u201cmejorar la vida de todos ustedes y no de unos pocos\u201d, y lo contrast\u00f3 con el Gobierno del expresidente Mauricio Macri, quien \u201canda explicando lo que debo hacer\u201d, pero \u201ccerr\u00f3 23.000 pymes y destruy\u00f3 dos millones de puestos de trabajo\u201d.<\/p>\n\n\n\n<p>En ese marco, reclam\u00f3 a la oposici\u00f3n que \u201cno nos confundan\u201d con \u201cuna pr\u00e9dica<br>constante que busca desanimarnos, hacernos bajar los brazos, sentir que est\u00e1 todo<br>mal\u201d y pidi\u00f3 a la poblaci\u00f3n que \u201cno se desanimen, porque ya nos mintieron demasiado\u201d.<\/p>\n\n\n\n<p>En una fuerte cr\u00edtica al gobierno anterior, Fern\u00e1ndez sostuvo que \u201clo \u00fanico que nos frustr\u00f3 a los argentinos, es ese presidente que tuvimos y que se llam\u00f3 Mauricio Macri\u201d y pidi\u00f3 que \u201cahora disfrutemos que la Argentina es otra, se pone de pie, tiene futuro y tiene un horizonte y esta vez el horizonte no nos lo van a tapar como quisieron hacer otras veces\u201d.<\/p>\n\n\n\n<p>Durante el acto, al que asistieron el ministro de Obras P\u00fablicas, Gabriel Katopodis, y el intendente local, Mario Ishii, Fern\u00e1ndez se\u00f1al\u00f3 que la financiaci\u00f3n de las obras del hospital se llev\u00f3 a cabo \u201ccon recursos del Estado nacional\u201d, porque \u201ces un derecho que tienen todos los habitantes de la provincia de Buenos Aires a tener la mejor atenci\u00f3n sanitaria\u201d.<\/p>\n\n\n\n<p>Apunt\u00f3 entonces a la Corte Suprema de Justicia de la Naci\u00f3n \u201cque ha puesto esto en crisis porque quiere que parte de eso recursos, que el Estado Nacional tiene de la coparticipaci\u00f3n para hacer obras como \u00e9stas, los destinemos a la Ciudad de Buenos Aires\u201d y remarc\u00f3 que no obstante \u201chay que tratar de mejorarle la vida a todos, y no a unos pocos\u201d.<\/p>\n\n\n\n<p>El jefe de Estado record\u00f3 m\u00e1s adelante que el hospital \u201ces la obra 2.838, que estamos inaugurando y que terminamos\u201d despu\u00e9s que \u201ciniciamos m\u00e1s de 5.500 obras en la Argentina\u201d, en \u201ctodos los municipios del pa\u00eds sin que a nadie le pregunt\u00e1ramos c\u00f3mo pensaban, de qu\u00e9 color era la camiseta que ten\u00eda puesta, porque cuando nosotros hacemos obras pensamos en ustedes, no en el que gobierna\u201d.<\/p>\n","protected":false},"excerpt":{"rendered":"<p>\u201cEl Gobierno anterior les dec\u00eda a los trabajadores que se hagan emprendedores y que repartieran pizzas. Mi objetivo es que los argentinos tengan trabajo digno\u201d, dijo el Presidente al inaugurar una ampliaci\u00f3n del Hospital &#8216;Rub\u00e9n Caporaletti&#8217;, la obra p\u00fablica n\u00famero 2838 realizada por el Gobierno nacional en todo el pa\u00eds. El presidente Alberto Fern\u00e1ndez sostuvo &hellip;<\/p>\n","protected":false},"author":2,"featured_media":69969,"comment_status":"open","ping_status":"open","sticky":false,"template":"","format":"standard","meta":{"_jetpack_memberships_contains_paid_content":false,"footnotes":"","jetpack_publicize_message":"","jetpack_publicize_feature_enabled":true,"jetpack_social_post_already_shared":true,"jetpack_social_options":{"image_generator_settings":{"template":"highway","default_image_id":0,"font":"","enabled":false},"version":2}},"categories":[639,14,12],"tags":[],"class_list":["post-69968","post","type-post","status-publish","format-standard","has-post-thumbnail","hentry","category-argentina","category-politica","category-ultimo"],"jetpack_publicize_connections":[],"jetpack_featured_media_url":"https:\/\/portalmovil.com.ar\/wp-content\/uploads\/2023\/01\/63c6d7f1862ba_1200.jpg","jetpack_sharing_enabled":true,"amp_enabled":true,"_links":{"self":[{"href":"https:\/\/portalmovil.com.ar\/index.php\/wp-json\/wp\/v2\/posts\/69968","targetHints":{"allow":["GET"]}}],"collection":[{"href":"https:\/\/portalmovil.com.ar\/index.php\/wp-json\/wp\/v2\/posts"}],"about":[{"href":"https:\/\/portalmovil.com.ar\/index.php\/wp-json\/wp\/v2\/types\/post"}],"author":[{"embeddable":true,"href":"https:\/\/portalmovil.com.ar\/index.php\/wp-json\/wp\/v2\/users\/2"}],"replies":[{"embeddable":true,"href":"https:\/\/portalmovil.com.ar\/index.php\/wp-json\/wp\/v2\/comments?post=69968"}],"version-history":[{"count":2,"href":"https:\/\/portalmovil.com.ar\/index.php\/wp-json\/wp\/v2\/posts\/69968\/revisions"}],"predecessor-version":[{"id":69971,"href":"https:\/\/portalmovil.com.ar\/index.php\/wp-json\/wp\/v2\/posts\/69968\/revisions\/69971"}],"wp:featuredmedia":[{"embeddable":true,"href":"https:\/\/portalmovil.com.ar\/index.php\/wp-json\/wp\/v2\/media\/69969"}],"wp:attachment":[{"href":"https:\/\/portalmovil.com.ar\/index.php\/wp-json\/wp\/v2\/media?parent=69968"}],"wp:term":[{"taxonomy":"category","embeddable":true,"href":"https:\/\/portalmovil.com.ar\/index.php\/wp-json\/wp\/v2\/categories?post=69968"},{"taxonomy":"post_tag","embeddable":true,"href":"https:\/\/portalmovil.com.ar\/index.php\/wp-json\/wp\/v2\/tags?post=69968"}],"curies":[{"name":"wp","href":"https:\/\/api.w.org\/{rel}","templated":true}]}}