{"id":69945,"date":"2023-01-17T11:07:29","date_gmt":"2023-01-17T14:07:29","guid":{"rendered":"https:\/\/portalmovil.com.ar\/?p=69945"},"modified":"2023-01-17T11:07:32","modified_gmt":"2023-01-17T14:07:32","slug":"resistencia-un-hombre-ataco-a-su-expareja-con-un-cuchillo-en-el-ba-don-bosco","status":"publish","type":"post","link":"https:\/\/portalmovil.com.ar\/index.php\/2023\/01\/17\/resistencia-un-hombre-ataco-a-su-expareja-con-un-cuchillo-en-el-ba-don-bosco\/","title":{"rendered":"Resistencia: un hombre atac\u00f3 a su expareja con un cuchillo en el b\u00aa Don Bosco"},"content":{"rendered":"\n<p>Un nuevo episodio de violencia se dio en la madrugada de este martes en la ciudad de Resistencia, luego de que los agentes de la&nbsp;<strong>Comisar\u00eda Novena<\/strong>&nbsp;tomen conocimiento del&nbsp;<strong>ataque que hab\u00eda sufrido una mujer de 41 a\u00f1os en el barrio Don Bosco.&nbsp;<\/strong><\/p>\n\n\n\n<p>En dicho barrio, y cerca de las 1&nbsp;<strong>la v\u00edctima de la agresi\u00f3n se\u00f1al\u00f3 que su ex pareja, un hombre de 44 la atac\u00f3 con un cuchillo produci\u00e9ndoles cortes en sus extremidades y en el abdomen.&nbsp;<\/strong><\/p>\n\n\n\n<p>Posteriormente, y alrededor de las 4 los agentes montaron un operativo para poder dar con el agresor, hasta que<strong>&nbsp;finalmente pudieron dar con su paradero y detenerlo<\/strong>. Fue trasladado hacia la comisar\u00eda y lo notificaron en la causa de&nbsp;<strong>\u00absupuestas lesiones con arma\u00bb.<\/strong><\/p>\n","protected":false},"excerpt":{"rendered":"<p>Un nuevo episodio de violencia se dio en la madrugada de este martes en la ciudad de Resistencia, luego de que los agentes de la&nbsp;Comisar\u00eda Novena&nbsp;tomen conocimiento del&nbsp;ataque que hab\u00eda sufrido una mujer de 41 a\u00f1os en el barrio Don Bosco.&nbsp; En dicho barrio, y cerca de las 1&nbsp;la v\u00edctima de la agresi\u00f3n se\u00f1al\u00f3 que &hellip;<\/p>\n","protected":false},"author":2,"featured_media":68734,"comment_status":"open","ping_status":"open","sticky":false,"template":"","format":"standard","meta":{"_jetpack_memberships_contains_paid_content":false,"footnotes":"","jetpack_publicize_message":"","jetpack_publicize_feature_enabled":true,"jetpack_social_post_already_shared":true,"jetpack_social_options":{"image_generator_settings":{"template":"highway","default_image_id":0,"font":"","enabled":false},"version":2}},"categories":[8,37],"tags":[],"class_list":["post-69945","post","type-post","status-publish","format-standard","has-post-thumbnail","hentry","category-policiales","category-resistencia"],"jetpack_publicize_connections":[],"jetpack_featured_media_url":"https:\/\/portalmovil.com.ar\/wp-content\/uploads\/2022\/12\/Un-presunto-asesino-fue-detenido-en-el-municipio-de-Ixhuatlancillo-por-detectives-de-la-Policia-Ministerial-Acreditable.jpg","jetpack_sharing_enabled":true,"amp_enabled":true,"_links":{"self":[{"href":"https:\/\/portalmovil.com.ar\/index.php\/wp-json\/wp\/v2\/posts\/69945","targetHints":{"allow":["GET"]}}],"collection":[{"href":"https:\/\/portalmovil.com.ar\/index.php\/wp-json\/wp\/v2\/posts"}],"about":[{"href":"https:\/\/portalmovil.com.ar\/index.php\/wp-json\/wp\/v2\/types\/post"}],"author":[{"embeddable":true,"href":"https:\/\/portalmovil.com.ar\/index.php\/wp-json\/wp\/v2\/users\/2"}],"replies":[{"embeddable":true,"href":"https:\/\/portalmovil.com.ar\/index.php\/wp-json\/wp\/v2\/comments?post=69945"}],"version-history":[{"count":1,"href":"https:\/\/portalmovil.com.ar\/index.php\/wp-json\/wp\/v2\/posts\/69945\/revisions"}],"predecessor-version":[{"id":69946,"href":"https:\/\/portalmovil.com.ar\/index.php\/wp-json\/wp\/v2\/posts\/69945\/revisions\/69946"}],"wp:featuredmedia":[{"embeddable":true,"href":"https:\/\/portalmovil.com.ar\/index.php\/wp-json\/wp\/v2\/media\/68734"}],"wp:attachment":[{"href":"https:\/\/portalmovil.com.ar\/index.php\/wp-json\/wp\/v2\/media?parent=69945"}],"wp:term":[{"taxonomy":"category","embeddable":true,"href":"https:\/\/portalmovil.com.ar\/index.php\/wp-json\/wp\/v2\/categories?post=69945"},{"taxonomy":"post_tag","embeddable":true,"href":"https:\/\/portalmovil.com.ar\/index.php\/wp-json\/wp\/v2\/tags?post=69945"}],"curies":[{"name":"wp","href":"https:\/\/api.w.org\/{rel}","templated":true}]}}