{"id":69927,"date":"2023-01-16T21:09:49","date_gmt":"2023-01-17T00:09:49","guid":{"rendered":"https:\/\/portalmovil.com.ar\/?p=69927"},"modified":"2023-01-16T21:20:30","modified_gmt":"2023-01-17T00:20:30","slug":"lamentable-noticia-virginia-trabalon-que-estaba-desaparecida-y-volvio-hoy-a-su-casa-se-quito-la-vida","status":"publish","type":"post","link":"https:\/\/portalmovil.com.ar\/index.php\/2023\/01\/16\/lamentable-noticia-virginia-trabalon-que-estaba-desaparecida-y-volvio-hoy-a-su-casa-se-quito-la-vida\/","title":{"rendered":"Lamentable noticia: Virginia Trabalon que estaba desaparecida y volvi\u00f3 hoy a su casa, se quit\u00f3 la vida"},"content":{"rendered":"\n<p>Este lunes por la tarde, Polic\u00eda Sanitaria Metropolitana inform\u00f3 que cerca de las 19.45 horas ingres\u00f3 al Hospital Perrando un veh\u00edculo conducido por un hombre de 45 a\u00f1os que traslad\u00f3 al nosocomio a&nbsp;Virginia Trabalon de 24 a\u00f1os, la joven que desapareci\u00f3 este s\u00e1bado y regres\u00f3 hoy a su domicilio en buen estado de salud.<\/p>\n\n\n\n<p>El parte policial se\u00f1ala que la m\u00e9dica que atendi\u00f3 a la joven diagnostic\u00f3 que&nbsp;ingres\u00f3 sin signos vitales a ra\u00edz de haber atentado contra su integridad f\u00edsica en su domicilio particular.&nbsp; Desde el Hospital Perrando indicaron a este medio que falleci\u00f3 por asfixia.&nbsp;<\/p>\n\n\n\n<p>Desde organizaciones feminista hab\u00edan solicitado quitar la imagen de la mujer, tras ser hallada. Sin embargo, su preocupaci\u00f3n una vez mas solo fue un pantallazo.<\/p>\n\n\n\n<p>La joven era paciente de Salud Mental y del Centro de Referencia de Consumos Problem\u00e1ticos, donde supuestamente recib\u00eda el tratamiento.<\/p>\n","protected":false},"excerpt":{"rendered":"<p>Este lunes por la tarde, Polic\u00eda Sanitaria Metropolitana inform\u00f3 que cerca de las 19.45 horas ingres\u00f3 al Hospital Perrando un veh\u00edculo conducido por un hombre de 45 a\u00f1os que traslad\u00f3 al nosocomio a&nbsp;Virginia Trabalon de 24 a\u00f1os, la joven que desapareci\u00f3 este s\u00e1bado y regres\u00f3 hoy a su domicilio en buen estado de salud. El &hellip;<\/p>\n","protected":false},"author":2,"featured_media":69879,"comment_status":"open","ping_status":"open","sticky":false,"template":"","format":"standard","meta":{"_jetpack_memberships_contains_paid_content":false,"footnotes":"","jetpack_publicize_message":"","jetpack_publicize_feature_enabled":true,"jetpack_social_post_already_shared":true,"jetpack_social_options":{"image_generator_settings":{"template":"highway","default_image_id":0,"font":"","enabled":false},"version":2}},"categories":[8,37],"tags":[],"class_list":["post-69927","post","type-post","status-publish","format-standard","has-post-thumbnail","hentry","category-policiales","category-resistencia"],"jetpack_publicize_connections":[],"jetpack_featured_media_url":"https:\/\/portalmovil.com.ar\/wp-content\/uploads\/2023\/01\/63c59064456dd191282566.jpg","jetpack_sharing_enabled":true,"amp_enabled":true,"_links":{"self":[{"href":"https:\/\/portalmovil.com.ar\/index.php\/wp-json\/wp\/v2\/posts\/69927","targetHints":{"allow":["GET"]}}],"collection":[{"href":"https:\/\/portalmovil.com.ar\/index.php\/wp-json\/wp\/v2\/posts"}],"about":[{"href":"https:\/\/portalmovil.com.ar\/index.php\/wp-json\/wp\/v2\/types\/post"}],"author":[{"embeddable":true,"href":"https:\/\/portalmovil.com.ar\/index.php\/wp-json\/wp\/v2\/users\/2"}],"replies":[{"embeddable":true,"href":"https:\/\/portalmovil.com.ar\/index.php\/wp-json\/wp\/v2\/comments?post=69927"}],"version-history":[{"count":4,"href":"https:\/\/portalmovil.com.ar\/index.php\/wp-json\/wp\/v2\/posts\/69927\/revisions"}],"predecessor-version":[{"id":69932,"href":"https:\/\/portalmovil.com.ar\/index.php\/wp-json\/wp\/v2\/posts\/69927\/revisions\/69932"}],"wp:featuredmedia":[{"embeddable":true,"href":"https:\/\/portalmovil.com.ar\/index.php\/wp-json\/wp\/v2\/media\/69879"}],"wp:attachment":[{"href":"https:\/\/portalmovil.com.ar\/index.php\/wp-json\/wp\/v2\/media?parent=69927"}],"wp:term":[{"taxonomy":"category","embeddable":true,"href":"https:\/\/portalmovil.com.ar\/index.php\/wp-json\/wp\/v2\/categories?post=69927"},{"taxonomy":"post_tag","embeddable":true,"href":"https:\/\/portalmovil.com.ar\/index.php\/wp-json\/wp\/v2\/tags?post=69927"}],"curies":[{"name":"wp","href":"https:\/\/api.w.org\/{rel}","templated":true}]}}