{"id":6990,"date":"2020-05-28T17:00:19","date_gmt":"2020-05-28T20:00:19","guid":{"rendered":"http:\/\/portalmovil.com.ar\/?p=6990"},"modified":"2020-05-28T17:00:24","modified_gmt":"2020-05-28T20:00:24","slug":"alberto-fernandez-ya-estamos-trabajando-en-la-post-pandemia-para-poner-en-marcha-la-economia","status":"publish","type":"post","link":"https:\/\/portalmovil.com.ar\/index.php\/2020\/05\/28\/alberto-fernandez-ya-estamos-trabajando-en-la-post-pandemia-para-poner-en-marcha-la-economia\/","title":{"rendered":"Alberto Fern\u00e1ndez: \u201cYa estamos trabajando en la post pandemia para poner en marcha la econom\u00eda\u201d"},"content":{"rendered":"\n<p>El presidente Alberto Fern\u00e1ndez afirm\u00f3 hoy en Formosa que el gobierno nacional ya est\u00e1 \u201ctrabajando en la post pandemia para poner en marcha la econom\u00eda\u201d, pero aclar\u00f3 que cuando le plantean c\u00f3mo salir, piensa \u201cen realidad con qu\u00e9 velocidad\u201d puede hacer \u201cun pa\u00eds m\u00e1s justo\u201d.<\/p>\n\n\n\n<p>Junto a varios ministros nacionales y acompa\u00f1ado del gobernador formose\u00f1o Gildo Insfr\u00e1n, el jefe de Estado brind\u00f3 una conferencia de prensa en esa provincia, que tiene cero casos de Covid-19, donde remarc\u00f3 la importancia de lograr \u201cuna mejor distribuci\u00f3n de la riqueza\u201d y propuso \u201cdiscutir la coparticipaci\u00f3n federal\u201d porque los efectos en la econom\u00eda del coronavirus a nivel mundial generan \u201cuna oportunidad de dise\u00f1ar un sistema m\u00e1s justo\u201d.<\/p>\n\n\n\n<p>\u201cYa estamos trabajando en la post pandemia para ver c\u00f3mo ponemos en marcha la econom\u00eda\u201d, dijo Fern\u00e1ndez, quien advirti\u00f3 que la situaci\u00f3n de aislamiento social y par\u00e1lisis econ\u00f3mica para frenar el contagio de Covid-19 es muy distinta en las diferentes regiones de Argentina.<ins><\/ins><\/p>\n\n\n\n<p>En ese sentido, ejemplific\u00f3: \u201cEl pa\u00eds centralista piensa que estamos en una cuarentena que no permite producir, pero no es as\u00ed, ya que el aislamiento -con pocas excepciones- solo queda suscripto a la regi\u00f3n del AMBA, al Chaco y en menor medida a C\u00f3rdoba\u201d.<\/p>\n\n\n\n<p>Fern\u00e1ndez continu\u00f3 en referencia al futuro econ\u00f3mico del pa\u00eds al aseverar: \u201cTengo la esperanza de que cuando todo esto pase, la econom\u00eda se recupere r\u00e1pidamente\u201d.<\/p>\n\n\n\n<p>El Presidente repas\u00f3 las medidas de ayuda financiera que brind\u00f3 el Estado por la pandemia al sector privado para \u201cevitar que la econom\u00eda se derrumbe como pas\u00f3 en otros lados, donde se perdieron muchos empleos\u201d.<\/p>\n\n\n\n<p>\u201cHemos dado mucha ayuda del Estado, casi 2,5 puntos del PBI, lo que fue para nosotros una inversi\u00f3n para que cuando todo esto termine, los puestos de trabajo est\u00e9n en pie y se arranque r\u00e1pidamente\u201d, consider\u00f3.<\/p>\n\n\n\n<p>Por otra parte, el jefe de Estado asegur\u00f3: \u201cCuando hablamos de la cuarentena, solo lo hacemos pensando en la salud de la gente. Va a haber un d\u00eda despu\u00e9s de la pandemia y vamos a estar produciendo y poniendo de pie a la Argentina\u201d.<\/p>\n\n\n\n<p>Tras ser consultado de c\u00f3mo ser\u00e1 el pa\u00eds luego de que termine la pandemia, se\u00f1al\u00f3: \u201cCuando me hablan de c\u00f3mo salir de la post pandemia, primero pienso con qu\u00e9 velocidad logro hacer un pa\u00eds m\u00e1s justo\u201d.<\/p>\n\n\n\n<p>En esa oportunidad, neg\u00f3 que el Gobierno quiera \u201cquedarse con las empresas\u201d a las que ayuda o \u201cperseguir a los ricos\u201d y tild\u00f3 a esas ideas de \u201clocas\u201d.<\/p>\n\n\n\n<p>\u201cEso no es as\u00ed. Lo que nosotros queremos es hacer un pa\u00eds m\u00e1s justo. Tenemos una gran oportunidad de un nuevo pa\u00eds m\u00e1s justo donde todos tengan m\u00e1s oportunidades y las instituciones funcionen como deben\u201d, destac\u00f3.<\/p>\n\n\n\n<p>Al ser consultado sobre la posibilidad de reinstalar la coparticipaci\u00f3n del Fondo Sojero, Fern\u00e1ndez respondi\u00f3: \u201cHay que revisar todo porque todo esto -el sistema impositivo y su distribuci\u00f3n de recursos- no est\u00e1 funcionando bien\u201d.<\/p>\n\n\n\n<p>\u201cHay que revisar todo. Terminar con la discrecionalidad del poder central y dise\u00f1ar un sistema de distribuci\u00f3n m\u00e1s justo. Hay que revisar el sistema de coparticipaci\u00f3n\u201d, agreg\u00f3.<\/p>\n\n\n\n<p>En referencia al impuesto a las Ganancias que pagan los asalariados, manifest\u00f3: \u201cCuando veo la parte de lo que aportan de Ganancias los que viven de un sueldo, digo que est\u00e1 mal y hay que hacer todas estas correcciones\u201d.<\/p>\n\n\n\n<p>Al finalizar la conferencia, Fern\u00e1ndez cit\u00f3 al Mart\u00edn Fierro y sostuvo que \u201ca todos nos irrita la cuarentena, pero es por el bien de todos y no por el mal de alguno\u201d.<\/p>\n\n\n\n<p>Durante la visita a Formosa para firmar acuerdos de diferentes planes de obra p\u00fablica y recorrer las instalaciones sanitarias en caso de una emergencia sanitaria, el mandatario fue acompa\u00f1ado por su esposa Fabiola Ya\u00f1ez.<\/p>\n\n\n\n<p>Tambi\u00e9n participaron los ministros de Interior, Eduardo de Pedro; de Desarrollo Productivo, Mat\u00edas Kulfas; de Agricultura, Luis Basterra; de Obras P\u00fablicas, Gabriel Katopodis; y de Desarrollo Territorial y H\u00e1bitat, Mar\u00eda Eugenia Bielsa, y el secretario General de la Presidencia, Julio Vitobello.<\/p>\n","protected":false},"excerpt":{"rendered":"<p>El presidente Alberto Fern\u00e1ndez afirm\u00f3 hoy en Formosa que el gobierno nacional ya est\u00e1 \u201ctrabajando en la post pandemia para poner en marcha la econom\u00eda\u201d, pero aclar\u00f3 que cuando le plantean c\u00f3mo salir, piensa \u201cen realidad con qu\u00e9 velocidad\u201d puede hacer \u201cun pa\u00eds m\u00e1s justo\u201d. Junto a varios ministros nacionales y acompa\u00f1ado del gobernador formose\u00f1o &hellip;<\/p>\n","protected":false},"author":2,"featured_media":6991,"comment_status":"open","ping_status":"open","sticky":false,"template":"","format":"standard","meta":{"_jetpack_memberships_contains_paid_content":false,"footnotes":"","jetpack_publicize_message":"","jetpack_publicize_feature_enabled":true,"jetpack_social_post_already_shared":true,"jetpack_social_options":{"image_generator_settings":{"template":"highway","default_image_id":0,"font":"","enabled":false},"version":2}},"categories":[14],"tags":[],"class_list":["post-6990","post","type-post","status-publish","format-standard","has-post-thumbnail","hentry","category-politica"],"jetpack_publicize_connections":[],"jetpack_featured_media_url":"https:\/\/portalmovil.com.ar\/wp-content\/uploads\/2020\/05\/WhatsApp-Image-2020-05-28-at-16.59.22.jpeg","jetpack_sharing_enabled":true,"amp_enabled":true,"_links":{"self":[{"href":"https:\/\/portalmovil.com.ar\/index.php\/wp-json\/wp\/v2\/posts\/6990","targetHints":{"allow":["GET"]}}],"collection":[{"href":"https:\/\/portalmovil.com.ar\/index.php\/wp-json\/wp\/v2\/posts"}],"about":[{"href":"https:\/\/portalmovil.com.ar\/index.php\/wp-json\/wp\/v2\/types\/post"}],"author":[{"embeddable":true,"href":"https:\/\/portalmovil.com.ar\/index.php\/wp-json\/wp\/v2\/users\/2"}],"replies":[{"embeddable":true,"href":"https:\/\/portalmovil.com.ar\/index.php\/wp-json\/wp\/v2\/comments?post=6990"}],"version-history":[{"count":1,"href":"https:\/\/portalmovil.com.ar\/index.php\/wp-json\/wp\/v2\/posts\/6990\/revisions"}],"predecessor-version":[{"id":6992,"href":"https:\/\/portalmovil.com.ar\/index.php\/wp-json\/wp\/v2\/posts\/6990\/revisions\/6992"}],"wp:featuredmedia":[{"embeddable":true,"href":"https:\/\/portalmovil.com.ar\/index.php\/wp-json\/wp\/v2\/media\/6991"}],"wp:attachment":[{"href":"https:\/\/portalmovil.com.ar\/index.php\/wp-json\/wp\/v2\/media?parent=6990"}],"wp:term":[{"taxonomy":"category","embeddable":true,"href":"https:\/\/portalmovil.com.ar\/index.php\/wp-json\/wp\/v2\/categories?post=6990"},{"taxonomy":"post_tag","embeddable":true,"href":"https:\/\/portalmovil.com.ar\/index.php\/wp-json\/wp\/v2\/tags?post=6990"}],"curies":[{"name":"wp","href":"https:\/\/api.w.org\/{rel}","templated":true}]}}