{"id":69647,"date":"2023-01-11T15:48:44","date_gmt":"2023-01-11T18:48:44","guid":{"rendered":"https:\/\/portalmovil.com.ar\/?p=69647"},"modified":"2023-01-11T15:48:46","modified_gmt":"2023-01-11T18:48:46","slug":"gustavo-martinez-dialogo-con-dirigentes-del-cer-en-colonia-benitez","status":"publish","type":"post","link":"https:\/\/portalmovil.com.ar\/index.php\/2023\/01\/11\/gustavo-martinez-dialogo-con-dirigentes-del-cer-en-colonia-benitez\/","title":{"rendered":"Gustavo Mart\u00ednez dialog\u00f3 con dirigentes del CER en Colonia Ben\u00edtez"},"content":{"rendered":"\n<p>El intendente de Resistencia se reuni\u00f3 con dirigentes del espacio CER y vecinos de Colonia Ben\u00edtez, y dialog\u00f3 con ellos sobre la realidad del lugar. Convoc\u00f3 a sumarse al CER, \u00abun espacio pol\u00edtico abierto que se consolida como alternativa de gobierno, para trabajar por los derechos de todos los chaque\u00f1os\u00bb, explicaron.<\/p>\n\n\n\n<p>Tambi\u00e9n informaron: \u00abDurante enero y febrero, el m\u00e1ximo dirigente de la Corriente de Expresi\u00f3n Renovada (CER)&nbsp;<strong>recorrer\u00e1 la provincia para conversar con los representantes de diversos partidos pol\u00edticos y de diferentes instituciones del quehacer cotidiano de cada municipio del interior\u00bb.<\/strong><\/p>\n\n\n\n<p>Mart\u00ednez sostuvo que \u00abesta recorrida por la provincia se est\u00e1 realizando luego de los 65 talleres locales que se desarrollaron durante el a\u00f1o pasado, en cada uno de los municipios del interior, y los 4 foros regionales que sirvieron para construir una conclusi\u00f3n\u00bb.<\/p>\n\n\n\n<p>\u00a0Sobre la actualidad de Colonia Ben\u00edtez, indic\u00f3 que\u00a0\u00abse est\u00e1n viviendo momentos muy dif\u00edciles en lo que respecta a la econom\u00eda y a la falta de oportunidades, y que repercuten negativamente en los problemas esenciales que tiene cada comunidad\u00bb.<\/p>\n\n\n\n<p>&nbsp;La referente del CER, en Colonia Ben\u00edtez, Camila N\u00fa\u00f1ez, remarc\u00f3 que&nbsp;<strong>\u00abGustavo Mart\u00ednez propone formar un espacio pol\u00edtico amplio, donde todos los puntos de vista tengan lugar y no primen las diferencias, sino las coincidencias.<\/strong>&nbsp;Y esa es una de las banderas principales, junto con escuchar los planteos de los vecinos y vecinas\u00bb.<\/p>\n\n\n\n<p>&nbsp;El dirigente local Justo Orlando Menc\u00eda expres\u00f3 que \u00abesta fue una grata reuni\u00f3n donde Gustavo Mart\u00ednez&nbsp;<strong>explic\u00f3 todas las necesidades a nivel provincial, y los referentes hicieron menci\u00f3n a las cuestiones locales\u00bb.<\/strong><\/p>\n\n\n\n<p>&nbsp;En igual sentido, puntualiz\u00f3 que&nbsp;\u00abhay que buscar alternativas para la conducci\u00f3n de la provincia\u00bb. Agreg\u00f3: \u00abHay gran acogida en Colonia Ben\u00edtez para que Mart\u00ednez sea el pr\u00f3ximo gobernador\u00bb.<\/p>\n\n\n\n<p>&nbsp;El tambi\u00e9n referente Danilo Vargas manifest\u00f3 que&nbsp;\u00abes muy interesante que una figura de la envergadura pol\u00edtica del intendente de Resistencia est\u00e9 en contacto con su pueblo, y a trav\u00e9s de eso se puedan canalizar todas las inquietudes que tiene la gente para solucionar sus problemas comunitarios\u00bb. Finaliz\u00f3 diciendo que&nbsp;<strong>\u00abla idea es contribuir a la causa para que Gustavo Mart\u00ednez sea elegido como el m\u00e1ximo representante provincial\u00bb.<\/strong><\/p>\n","protected":false},"excerpt":{"rendered":"<p>El intendente de Resistencia se reuni\u00f3 con dirigentes del espacio CER y vecinos de Colonia Ben\u00edtez, y dialog\u00f3 con ellos sobre la realidad del lugar. Convoc\u00f3 a sumarse al CER, \u00abun espacio pol\u00edtico abierto que se consolida como alternativa de gobierno, para trabajar por los derechos de todos los chaque\u00f1os\u00bb, explicaron. Tambi\u00e9n informaron: \u00abDurante enero &hellip;<\/p>\n","protected":false},"author":2,"featured_media":69648,"comment_status":"open","ping_status":"open","sticky":false,"template":"","format":"standard","meta":{"_jetpack_memberships_contains_paid_content":false,"footnotes":"","jetpack_publicize_message":"","jetpack_publicize_feature_enabled":true,"jetpack_social_post_already_shared":true,"jetpack_social_options":{"image_generator_settings":{"template":"highway","default_image_id":0,"font":"","enabled":false},"version":2}},"categories":[5,14],"tags":[],"class_list":["post-69647","post","type-post","status-publish","format-standard","has-post-thumbnail","hentry","category-chaco","category-politica"],"jetpack_publicize_connections":[],"jetpack_featured_media_url":"https:\/\/portalmovil.com.ar\/wp-content\/uploads\/2023\/01\/40cea0de-d21d-4f16-8f9b-3d2c5ad188e0.jpg","jetpack_sharing_enabled":true,"amp_enabled":true,"_links":{"self":[{"href":"https:\/\/portalmovil.com.ar\/index.php\/wp-json\/wp\/v2\/posts\/69647","targetHints":{"allow":["GET"]}}],"collection":[{"href":"https:\/\/portalmovil.com.ar\/index.php\/wp-json\/wp\/v2\/posts"}],"about":[{"href":"https:\/\/portalmovil.com.ar\/index.php\/wp-json\/wp\/v2\/types\/post"}],"author":[{"embeddable":true,"href":"https:\/\/portalmovil.com.ar\/index.php\/wp-json\/wp\/v2\/users\/2"}],"replies":[{"embeddable":true,"href":"https:\/\/portalmovil.com.ar\/index.php\/wp-json\/wp\/v2\/comments?post=69647"}],"version-history":[{"count":1,"href":"https:\/\/portalmovil.com.ar\/index.php\/wp-json\/wp\/v2\/posts\/69647\/revisions"}],"predecessor-version":[{"id":69649,"href":"https:\/\/portalmovil.com.ar\/index.php\/wp-json\/wp\/v2\/posts\/69647\/revisions\/69649"}],"wp:featuredmedia":[{"embeddable":true,"href":"https:\/\/portalmovil.com.ar\/index.php\/wp-json\/wp\/v2\/media\/69648"}],"wp:attachment":[{"href":"https:\/\/portalmovil.com.ar\/index.php\/wp-json\/wp\/v2\/media?parent=69647"}],"wp:term":[{"taxonomy":"category","embeddable":true,"href":"https:\/\/portalmovil.com.ar\/index.php\/wp-json\/wp\/v2\/categories?post=69647"},{"taxonomy":"post_tag","embeddable":true,"href":"https:\/\/portalmovil.com.ar\/index.php\/wp-json\/wp\/v2\/tags?post=69647"}],"curies":[{"name":"wp","href":"https:\/\/api.w.org\/{rel}","templated":true}]}}