{"id":69639,"date":"2023-01-11T15:25:05","date_gmt":"2023-01-11T18:25:05","guid":{"rendered":"https:\/\/portalmovil.com.ar\/?p=69639"},"modified":"2023-01-11T15:25:09","modified_gmt":"2023-01-11T18:25:09","slug":"el-poder-judicial-se-ha-convertido-en-el-reaseguro-de-la-injusticia","status":"publish","type":"post","link":"https:\/\/portalmovil.com.ar\/index.php\/2023\/01\/11\/el-poder-judicial-se-ha-convertido-en-el-reaseguro-de-la-injusticia\/","title":{"rendered":"\u201dEl Poder Judicial se ha convertido en el reaseguro de la injusticia\u201d"},"content":{"rendered":"\n<p>En una nota de opini\u00f3n acercada a este medio, el gobernador del Chaco, Jorge Capitanich, sostiene que, \u00bbel an\u00e1lisis pol\u00edtico que podemos hacer es muy simple: el poder econ\u00f3mico eligi\u00f3 un candidato, lo \ufb01nancia con recursos de todas las provincias y garantiza la inmunidad e impunidad mediante el control f\u00e9rreo del Poder Judicial &#8211; tanto para la designaci\u00f3n y remoci\u00f3n de jueces &#8211; como para la aplicaci\u00f3n de medidas disciplinarias\u00bb.<\/p>\n\n\n\n<h2 class=\"wp-block-heading\"><strong>El documento<\/strong><\/h2>\n\n\n\n<blockquote class=\"wp-block-quote quote-solid is-layout-flow wp-block-quote quote-solid-is-layout-flow\">\n<p>\u201dDurante 160 a\u00f1os de historia, a partir de la ley 27 en 1862, la conformaci\u00f3n de la Corte Suprema de Justicia involucr\u00f3 a 113 jueces, la mayor\u00eda proveniente de la Provincia de Buenos Aires \u2013 incluye CABA -, C\u00f3rdoba y Santa Fe (75 %). 60 % de ellos fueron graduados en la Universidad de Buenos Aires, 22 % en la Universidad de C\u00f3rdoba, 10 % en la Universidad de la Plata y durante 141 a\u00f1os las mujeres fueron ignoradas en el desempe\u00f1o del m\u00e1ximo tribunal.<\/p>\n\n\n\n<p>Durante estos 160 a\u00f1os, 11 provincias argentinas fueron expresamente excluidas en la representaci\u00f3n de la Corte Suprema de Justicia y hasta el a\u00f1o 2005, tan s\u00f3lo Margarita Arg\u00faas (1970), Elena Highton de Nolasco (2004) y Carmen Argibay (2005) fueron mujeres integrantes de la misma.<\/p>\n\n\n\n<p>Este modelo de constituci\u00f3n del m\u00e1ximo tribunal s\u00f3lo puede sintetizarse de la siguiente manera: mis\u00f3gino, centralista y representante corporativo del poder econ\u00f3mico. S\u00f3lo el 5 % de sus miembros ha sido destituido por juicio pol\u00edtico, pero el 54 % de los mismos renunci\u00f3 y el 24 % de sus miembros fallecieron en ejercicio de sus cargos.<\/p>\n\n\n\n<p>El n\u00famero de integrantes del m\u00e1ximo tribunal ha variado con el transcurso del tiempo: 5 miembros con ley 27, b) 7 miembros con ley 15271. c) 9 miembros con la ley 23774, d) 5 miembros con la ley 26183.<\/p>\n\n\n\n<p>Resulta menester recordar que N\u00e9stor Kirchner, como presidente de la Naci\u00f3n, a trav\u00e9s del decreto 222\/2003, propici\u00f3 la realizaci\u00f3n de audiencias p\u00fablicas para la designaci\u00f3n de sus miembros con un criterio de transparencia en materia tributaria y patrimonial, estableciendo par\u00e1metros de especialidad en la materia, perspectiva de g\u00e9nero y procedencia federal, mientras que Mauricio Macri design\u00f3 por decreto a dos de sus miembros, quienes lo aceptaron vulnerando el procedimiento establecido por el decreto 99 inciso 4 de la Constituci\u00f3n Nacional junto con la designaci\u00f3n de 211 jueces, fiscales y defensores para la Justicia Federal y Nacional.<\/p>\n\n\n\n<p>Es preciso rememorar, tambi\u00e9n, que en la constituci\u00f3n de 1853, el n\u00famero de miembros de la Corte Suprema de Justicia establec\u00eda el n\u00famero de 9 integrantes y en la reforma de 1860, la adhesi\u00f3n de la Provincia de Buenos Aires estableci\u00f3 la designaci\u00f3n de sus integrantes por ley del Congreso de la Naci\u00f3n.<\/p>\n\n\n\n<p>Desde 1862 hasta el a\u00f1o 1930 el Presidente de la Corte era designado por el Presidente de la Rep\u00fablica y a cambio del fallo del 10 de septiembre de 1930, en donde se instituye \u201cla doctrina de los gobiernos de facto\u201d, el Presidente de la Corte la eligen entre sus miembros. El Procurador General de aquella Corte integrada por Jos\u00e9 Figueroa Alcorta, Roberto Repetto, Ricardo Guido Lavalle y Antonio Logoma era Horacio Rodr\u00edguez Larreta.<\/p>\n\n\n\n<p>Los que hoy emulan \u201ctribuna de doctrina\u201d avalaron la derogaci\u00f3n de la Constituci\u00f3n de 1949 mediante una proclama del 27 de abril de 1956 y fue precisamente la dictadura militar de 1976 quien limita a 3 a\u00f1os el ejercicio de la presidencia de la CSJ que era inde\ufb01nido desde 1930.<\/p>\n\n\n\n<p>No cabe la menor duda que la conjugaci\u00f3n del poder econ\u00f3mico concentrado, de base corporativa, junto a la construcci\u00f3n de sentido basado en un modelo medi\u00e1tico concentrado y \ufb01nanciado por estos grupos de poder cooptando el poder judicial para la propagaci\u00f3n de \u201cgolpes blandos\u201d con\ufb01guran la nueva matriz de la vigencia del \u201creduccionismo democr\u00e1tico\u201d.<\/p>\n\n\n\n<p>Tenemos una Corte Suprema de justicia parcial, que favorece a una parcialidad pol\u00edtica y que ha violado los siguientes art\u00edculos de la Constituci\u00f3n Nacional: a) el 99 inciso 4, cuando aceptaron ser designados por decreto del Poder Ejecutivo Nacional b) el articulo 1, cuando se inmiscuye en las atribuciones de otros poderes, cuando viola el principio federal de gobierno y cuando de\ufb01ne la representaci\u00f3n del Congreso, c) el articulo 16 de igualdad ante la ley que debe garantizar para todos los ciudadanos.<\/p>\n\n\n\n<p>Pero independientemente de los art\u00edculos en forma espec\u00ed\ufb01ca, lo que viola es la credibilidad y con\ufb01anza ciudadana. Ning\u00fan argentino o argentina puede pretender la salvaguarda de su patrimonio, de su honor, de su libertad y de su vida con jueces parciales que responden a directivas partidarias o corporativas.<\/p>\n\n\n\n<p>Es imprescindible promover reglas en la construcci\u00f3n de un sistema republicano de gobierno con divisi\u00f3n de poderes lo cual implica: a) ampliaci\u00f3n de los miembros de la Corte Suprema de Justicia mediante concursos de antecedentes, oposici\u00f3n y audiencia p\u00fablica como en la Provincia de Chaco b) propiciar la reforma estructural en la integraci\u00f3n del Consejo de la Magistratura c) rati\ufb01car un principio sano de solidaridad social con la implementaci\u00f3n del impuesto a las ganancias para jueces d) establecer la regulaci\u00f3n en el mandato de los jueces para establecer un sistema de renovaci\u00f3n por carrera judicial en tribunales inferiores mediante escuela judicial y concursos abiertos en los \u00f3rganos m\u00e1ximos de representaci\u00f3n e) transparencia en la administraci\u00f3n de los recursos del Poder Judicial.<\/p>\n\n\n\n<p>Nosotros nos sometemos peri\u00f3dicamente al veredicto popular, los jueces no.<br>Nosotros tenemos que presentar declaraci\u00f3n jurada patrimonial, nos investigan permanentemente y nos someten al escarnio p\u00fablico, los jueces no.<br>Nosotros pagamos impuestos como cualquier vecino, los jueces no.<br>Nosotros tenemos que resolver con urgencia m\u00faltiples problemas, los jueces no tienen tiempo y dilatan las resoluciones conforme a su conveniencia.<\/p>\n\n\n\n<p>Y no es cierto que el poder pol\u00edtico controle las sentencias. Aqu\u00ed s\u00f3lo estamos defendiendo el inter\u00e9s de nuestras provincias y garantizamos el ejercicio de defensa de la CN que otros olvidaron.<\/p>\n\n\n\n<p>La Constituci\u00f3n Nacional es clara en el art\u00edculo 108 cuando establece que el Poder Judicial de la Naci\u00f3n ser\u00e1 ejercido por una Corte Suprema de Justicia y por lo dem\u00e1s tribunales inferiores que el Congreso de la Naci\u00f3n estableciera en el territorio. Ejerce el control de constitucionalidad, es \u00faltima instancia decisoria de apelaci\u00f3n y tambi\u00e9n dirime controversias de cuestiones federales. El art\u00edculo 53 establece la causal de mal desempe\u00f1o y el mecanismo constitucional no supone juzgamiento sino el inicio del proceso.<\/p>\n\n\n\n<p>El an\u00e1lisis pol\u00edtico que podemos hacer es muy simple: el poder econ\u00f3mico eligi\u00f3 un candidato, lo \ufb01nancia con recursos de todas las provincias y garantiza la inmunidad e impunidad mediante el control f\u00e9rreo del Poder Judicial tanto para la designaci\u00f3n y remoci\u00f3n de jueces como para la aplicaci\u00f3n de medidas disciplinarias.<br>Todos sabemos c\u00f3mo presiona el poder econ\u00f3mico inventando operaciones de gobiernos extranjeros, embajadas a\ufb01nes, perturbaciones econ\u00f3micas o manipulaciones de mercado.<\/p>\n\n\n\n<p>Basta de este tipo de manejos para seguir sacando plata a las provincias! Ahora no pueden decir que somos inviables, pues tenemos super\u00e1vit \ufb01scal y nos desendeudamos. Ahora no pueden desestabilizarnos con el manejo discrecional de la caja.<\/p>\n\n\n\n<p>Al \ufb01n, el jefe de gobierno de la Ciudad de Buenos Aires expuso con toda claridad que los recursos que la Corte asigna arbitrariamente, implica devolver impuestos a los bancos. \u00a1M\u00e1s claro, echale agua! El poder econ\u00f3mico necesita m\u00e1s ganancias. Presiona a trav\u00e9s de los medios para sacar plata a la Naci\u00f3n y, con esa plata, reduce impuestos a quienes \ufb01nancian la campa\u00f1a presidencial de su candidato. \u00bfAlguna duda?<\/p>\n\n\n\n<p>\u201cNunca es triste la verdad, lo que no tiene es remedio\u201d dice Joan Manuel Serrat en una de sus canciones. Y esto es verdad tangible, objetiva y evidente\u201d.<\/p>\n<\/blockquote>\n","protected":false},"excerpt":{"rendered":"<p>En una nota de opini\u00f3n acercada a este medio, el gobernador del Chaco, Jorge Capitanich, sostiene que, \u00bbel an\u00e1lisis pol\u00edtico que podemos hacer es muy simple: el poder econ\u00f3mico eligi\u00f3 un candidato, lo \ufb01nancia con recursos de todas las provincias y garantiza la inmunidad e impunidad mediante el control f\u00e9rreo del Poder Judicial &#8211; tanto &hellip;<\/p>\n","protected":false},"author":2,"featured_media":62856,"comment_status":"open","ping_status":"open","sticky":false,"template":"","format":"standard","meta":{"_jetpack_memberships_contains_paid_content":false,"footnotes":"","jetpack_publicize_message":"","jetpack_publicize_feature_enabled":true,"jetpack_social_post_already_shared":true,"jetpack_social_options":{"image_generator_settings":{"template":"highway","default_image_id":0,"font":"","enabled":false},"version":2}},"categories":[5,14,12],"tags":[],"class_list":["post-69639","post","type-post","status-publish","format-standard","has-post-thumbnail","hentry","category-chaco","category-politica","category-ultimo"],"jetpack_publicize_connections":[],"jetpack_featured_media_url":"https:\/\/portalmovil.com.ar\/wp-content\/uploads\/2022\/09\/capitanich-4-e1658938298220.webp","jetpack_sharing_enabled":true,"amp_enabled":true,"_links":{"self":[{"href":"https:\/\/portalmovil.com.ar\/index.php\/wp-json\/wp\/v2\/posts\/69639","targetHints":{"allow":["GET"]}}],"collection":[{"href":"https:\/\/portalmovil.com.ar\/index.php\/wp-json\/wp\/v2\/posts"}],"about":[{"href":"https:\/\/portalmovil.com.ar\/index.php\/wp-json\/wp\/v2\/types\/post"}],"author":[{"embeddable":true,"href":"https:\/\/portalmovil.com.ar\/index.php\/wp-json\/wp\/v2\/users\/2"}],"replies":[{"embeddable":true,"href":"https:\/\/portalmovil.com.ar\/index.php\/wp-json\/wp\/v2\/comments?post=69639"}],"version-history":[{"count":1,"href":"https:\/\/portalmovil.com.ar\/index.php\/wp-json\/wp\/v2\/posts\/69639\/revisions"}],"predecessor-version":[{"id":69640,"href":"https:\/\/portalmovil.com.ar\/index.php\/wp-json\/wp\/v2\/posts\/69639\/revisions\/69640"}],"wp:featuredmedia":[{"embeddable":true,"href":"https:\/\/portalmovil.com.ar\/index.php\/wp-json\/wp\/v2\/media\/62856"}],"wp:attachment":[{"href":"https:\/\/portalmovil.com.ar\/index.php\/wp-json\/wp\/v2\/media?parent=69639"}],"wp:term":[{"taxonomy":"category","embeddable":true,"href":"https:\/\/portalmovil.com.ar\/index.php\/wp-json\/wp\/v2\/categories?post=69639"},{"taxonomy":"post_tag","embeddable":true,"href":"https:\/\/portalmovil.com.ar\/index.php\/wp-json\/wp\/v2\/tags?post=69639"}],"curies":[{"name":"wp","href":"https:\/\/api.w.org\/{rel}","templated":true}]}}