{"id":6961,"date":"2020-05-28T01:17:55","date_gmt":"2020-05-28T04:17:55","guid":{"rendered":"http:\/\/portalmovil.com.ar\/?p=6961"},"modified":"2020-05-28T01:17:58","modified_gmt":"2020-05-28T04:17:58","slug":"gines-gonzalez-garcia-estoy-fenomeno","status":"publish","type":"post","link":"https:\/\/portalmovil.com.ar\/index.php\/2020\/05\/28\/gines-gonzalez-garcia-estoy-fenomeno\/","title":{"rendered":"Gin\u00e9s Gonz\u00e1lez Garc\u00eda: \u201cEstoy fen\u00f3meno\u201d"},"content":{"rendered":"\n<p>El ministro confirm\u00f3 que le fue diagnosticado un hematoma subdural, un derrame cerebral superficial, y precis\u00f3 que se trata de una \u00abantigua lesi\u00f3n\u00bb, por lo que ser\u00e1 dado de alta ma\u00f1ana por la ma\u00f1ana.<\/p>\n\n\n\n<p>Gin\u00e9s\u00a0ingres\u00f3 antes del mediod\u00eda al sanatorio\u00a0por un \u00abhormigueo en el brazo izquierdo\u00bb, aunque aclar\u00f3 tambi\u00e9n que \u00abten\u00eda que venir, porque ten\u00eda que hacerme un control de una cirug\u00eda que me hice hace un a\u00f1o, y aprovech\u00e9 para que me hicieran todos los an\u00e1lisis de laboratorio y tomograf\u00edas por ese signo\u00bb, detall\u00f3.<\/p>\n\n\n\n<p>Respecto del hematoma subdural, el ministro indic\u00f3 que se trata de una \u00ablesi\u00f3n antigua\u00bb que no hab\u00eda sido diagnosticada. \u00abMe preguntaron si tuve alg\u00fan golpe en la cabeza, pero si lo tuve fue hace muchos a\u00f1os. Yo estoy fen\u00f3meno, con ganas de volver a trabajar\u00bb, sostuvo.&nbsp;<\/p>\n\n\n\n<p>El titular de la cartera de Salud, en di\u00e1logo con Telenoche, agreg\u00f3 que el personal m\u00e9dico le indic\u00f3 que deber\u00e1&nbsp;seguir haci\u00e9ndome estudios y ser cuidadoso ante cualquier nuevo s\u00edntoma, pero que no ser\u00e1 necesaria una intervenci\u00f3n quir\u00fargica en lo inmediato. \u00abMe dijeron que me voy ma\u00f1ana a la ma\u00f1ana\u00bb, inform\u00f3.&nbsp;<\/p>\n\n\n\n<p>Ante la consulta de si deb\u00eda realizarse un test de la Covid-19 por permanecer varias horas internado, Gin\u00e9s lo descart\u00f3 de plano. \u00ab\u00bfPara qu\u00e9? No me gusta hacer cosas que no tienen sentido. No tengo ning\u00fan s\u00edntoma, ninguna indicaci\u00f3n para hacer el hisopado, ser\u00eda en este caso absolutamente innecesario, ser\u00eda solo para los<\/p>\n","protected":false},"excerpt":{"rendered":"<p>El ministro confirm\u00f3 que le fue diagnosticado un hematoma subdural, un derrame cerebral superficial, y precis\u00f3 que se trata de una \u00abantigua lesi\u00f3n\u00bb, por lo que ser\u00e1 dado de alta ma\u00f1ana por la ma\u00f1ana. Gin\u00e9s\u00a0ingres\u00f3 antes del mediod\u00eda al sanatorio\u00a0por un \u00abhormigueo en el brazo izquierdo\u00bb, aunque aclar\u00f3 tambi\u00e9n que \u00abten\u00eda que venir, porque ten\u00eda &hellip;<\/p>\n","protected":false},"author":2,"featured_media":6962,"comment_status":"open","ping_status":"open","sticky":false,"template":"","format":"standard","meta":{"_jetpack_memberships_contains_paid_content":false,"footnotes":"","jetpack_publicize_message":"","jetpack_publicize_feature_enabled":true,"jetpack_social_post_already_shared":true,"jetpack_social_options":{"image_generator_settings":{"template":"highway","default_image_id":0,"font":"","enabled":false},"version":2}},"categories":[46],"tags":[],"class_list":["post-6961","post","type-post","status-publish","format-standard","has-post-thumbnail","hentry","category-salud"],"jetpack_publicize_connections":[],"jetpack_featured_media_url":"https:\/\/portalmovil.com.ar\/wp-content\/uploads\/2020\/05\/entrevista-del-ministro-gines-gonzalez-garcia-con-jorge-fontevecchia-en-el-ciclo-periodismo-puro-961476.jpg","jetpack_sharing_enabled":true,"amp_enabled":true,"_links":{"self":[{"href":"https:\/\/portalmovil.com.ar\/index.php\/wp-json\/wp\/v2\/posts\/6961","targetHints":{"allow":["GET"]}}],"collection":[{"href":"https:\/\/portalmovil.com.ar\/index.php\/wp-json\/wp\/v2\/posts"}],"about":[{"href":"https:\/\/portalmovil.com.ar\/index.php\/wp-json\/wp\/v2\/types\/post"}],"author":[{"embeddable":true,"href":"https:\/\/portalmovil.com.ar\/index.php\/wp-json\/wp\/v2\/users\/2"}],"replies":[{"embeddable":true,"href":"https:\/\/portalmovil.com.ar\/index.php\/wp-json\/wp\/v2\/comments?post=6961"}],"version-history":[{"count":1,"href":"https:\/\/portalmovil.com.ar\/index.php\/wp-json\/wp\/v2\/posts\/6961\/revisions"}],"predecessor-version":[{"id":6963,"href":"https:\/\/portalmovil.com.ar\/index.php\/wp-json\/wp\/v2\/posts\/6961\/revisions\/6963"}],"wp:featuredmedia":[{"embeddable":true,"href":"https:\/\/portalmovil.com.ar\/index.php\/wp-json\/wp\/v2\/media\/6962"}],"wp:attachment":[{"href":"https:\/\/portalmovil.com.ar\/index.php\/wp-json\/wp\/v2\/media?parent=6961"}],"wp:term":[{"taxonomy":"category","embeddable":true,"href":"https:\/\/portalmovil.com.ar\/index.php\/wp-json\/wp\/v2\/categories?post=6961"},{"taxonomy":"post_tag","embeddable":true,"href":"https:\/\/portalmovil.com.ar\/index.php\/wp-json\/wp\/v2\/tags?post=6961"}],"curies":[{"name":"wp","href":"https:\/\/api.w.org\/{rel}","templated":true}]}}