{"id":69603,"date":"2023-01-10T19:53:47","date_gmt":"2023-01-10T22:53:47","guid":{"rendered":"https:\/\/portalmovil.com.ar\/?p=69603"},"modified":"2023-01-10T19:53:51","modified_gmt":"2023-01-10T22:53:51","slug":"cobertura-medica-e-indemnizaciones-los-bomberos-tendran-un-seguro-nacional","status":"publish","type":"post","link":"https:\/\/portalmovil.com.ar\/index.php\/2023\/01\/10\/cobertura-medica-e-indemnizaciones-los-bomberos-tendran-un-seguro-nacional\/","title":{"rendered":"Cobertura m\u00e9dica e indemnizaciones: Los Bomberos tendr\u00e1n un Seguro Nacional"},"content":{"rendered":"\n<p>La medida est\u00e1 destinada a 58.000 bomberos y bomberas de todo el pa\u00eds, e incluye indemnizaciones por muerte, indemnizaci\u00f3n por invalidez total o parcial permanente, asistencia m\u00e9dico-farmac\u00e9utica y gastos de sepelio. <\/p>\n\n\n\n<p>Durante la tarde de hoy el presidente Alberto Fern\u00e1ndez encabez\u00f3 la presentaci\u00f3n del primer Seguro Nacional de Bomberos Voluntarios en el cuartel de Bomberos del municipio de Avellaneda.&nbsp;Esta medida in\u00e9dita incluye beneficios para m\u00e1s de 58 mil bomberos voluntarios de todo el pa\u00eds, que abarca indemnizaciones por muerte, indemnizaci\u00f3n por invalidez total o parcial permanente, asistencia m\u00e9dico-farmac\u00e9utica y gastos de sepelio<\/p>\n\n\n\n<p>La iniciativa se desarroll\u00f3 en el marco de la nueva Ley de Fortalecimiento del Sistema Nacional de Bomberos Voluntarios N\u00b027.629, sancionada por el Congreso nacional y promulgada por el Ejecutivo en junio de 2021. Cuya la finalidad es que quienes salvan vidas y protegen los bienes de la comunidad, puedan contar con recursos para brindar ese servicio que prestan de manera voluntaria.<\/p>\n\n\n\n<figure class=\"wp-block-embed is-type-video is-provider-youtube wp-block-embed-youtube wp-embed-aspect-16-9 wp-has-aspect-ratio\"><div class=\"wp-block-embed__wrapper\">\n<iframe loading=\"lazy\" title=\"El presidente Alberto Fern\u00e1ndez lanz\u00f3 el Seguro Nacional de Bomberos Voluntarios, en Avellaneda\" width=\"500\" height=\"281\" src=\"https:\/\/www.youtube.com\/embed\/qteIzkqeJT8?feature=oembed\" frameborder=\"0\" allow=\"accelerometer; autoplay; clipboard-write; encrypted-media; gyroscope; picture-in-picture; web-share\" referrerpolicy=\"strict-origin-when-cross-origin\" allowfullscreen><\/iframe>\n<\/div><\/figure>\n","protected":false},"excerpt":{"rendered":"<p>La medida est\u00e1 destinada a 58.000 bomberos y bomberas de todo el pa\u00eds, e incluye indemnizaciones por muerte, indemnizaci\u00f3n por invalidez total o parcial permanente, asistencia m\u00e9dico-farmac\u00e9utica y gastos de sepelio. Durante la tarde de hoy el presidente Alberto Fern\u00e1ndez encabez\u00f3 la presentaci\u00f3n del primer Seguro Nacional de Bomberos Voluntarios en el cuartel de Bomberos &hellip;<\/p>\n","protected":false},"author":2,"featured_media":69604,"comment_status":"open","ping_status":"open","sticky":false,"template":"","format":"standard","meta":{"_jetpack_memberships_contains_paid_content":false,"footnotes":"","jetpack_publicize_message":"","jetpack_publicize_feature_enabled":true,"jetpack_social_post_already_shared":true,"jetpack_social_options":{"image_generator_settings":{"template":"highway","default_image_id":0,"font":"","enabled":false},"version":2}},"categories":[639,14,12],"tags":[],"class_list":["post-69603","post","type-post","status-publish","format-standard","has-post-thumbnail","hentry","category-argentina","category-politica","category-ultimo"],"jetpack_publicize_connections":[],"jetpack_featured_media_url":"https:\/\/portalmovil.com.ar\/wp-content\/uploads\/2023\/01\/63bdeab918bd4300800915.jpg","jetpack_sharing_enabled":true,"amp_enabled":true,"_links":{"self":[{"href":"https:\/\/portalmovil.com.ar\/index.php\/wp-json\/wp\/v2\/posts\/69603","targetHints":{"allow":["GET"]}}],"collection":[{"href":"https:\/\/portalmovil.com.ar\/index.php\/wp-json\/wp\/v2\/posts"}],"about":[{"href":"https:\/\/portalmovil.com.ar\/index.php\/wp-json\/wp\/v2\/types\/post"}],"author":[{"embeddable":true,"href":"https:\/\/portalmovil.com.ar\/index.php\/wp-json\/wp\/v2\/users\/2"}],"replies":[{"embeddable":true,"href":"https:\/\/portalmovil.com.ar\/index.php\/wp-json\/wp\/v2\/comments?post=69603"}],"version-history":[{"count":1,"href":"https:\/\/portalmovil.com.ar\/index.php\/wp-json\/wp\/v2\/posts\/69603\/revisions"}],"predecessor-version":[{"id":69605,"href":"https:\/\/portalmovil.com.ar\/index.php\/wp-json\/wp\/v2\/posts\/69603\/revisions\/69605"}],"wp:featuredmedia":[{"embeddable":true,"href":"https:\/\/portalmovil.com.ar\/index.php\/wp-json\/wp\/v2\/media\/69604"}],"wp:attachment":[{"href":"https:\/\/portalmovil.com.ar\/index.php\/wp-json\/wp\/v2\/media?parent=69603"}],"wp:term":[{"taxonomy":"category","embeddable":true,"href":"https:\/\/portalmovil.com.ar\/index.php\/wp-json\/wp\/v2\/categories?post=69603"},{"taxonomy":"post_tag","embeddable":true,"href":"https:\/\/portalmovil.com.ar\/index.php\/wp-json\/wp\/v2\/tags?post=69603"}],"curies":[{"name":"wp","href":"https:\/\/api.w.org\/{rel}","templated":true}]}}