{"id":69585,"date":"2023-01-10T15:19:29","date_gmt":"2023-01-10T18:19:29","guid":{"rendered":"https:\/\/portalmovil.com.ar\/?p=69585"},"modified":"2023-01-10T15:19:35","modified_gmt":"2023-01-10T18:19:35","slug":"capitanich-superviso-la-nueva-obra-del-colegio-piacentini-en-resistencia","status":"publish","type":"post","link":"https:\/\/portalmovil.com.ar\/index.php\/2023\/01\/10\/capitanich-superviso-la-nueva-obra-del-colegio-piacentini-en-resistencia\/","title":{"rendered":"Capitanich supervis\u00f3 la nueva obra del colegio Piacentini en Resistencia"},"content":{"rendered":"\n<p>El gobernador Jorge Capitanich supervis\u00f3 este martes la construcci\u00f3n de la nueva sede del colegio integral \u00abDr. Carlos L\u00f3pez Piacentini\u00bb, que prev\u00e9 una inversi\u00f3n de 200 millones de pesos. \u201cEs una instituci\u00f3n que tiene una proyecci\u00f3n de cerca de mil alumnos con una infraestructura que se pretende est\u00e9 terminada en mayo y que cuenta con recursos propios y apalancamiento con el Banco del Chaco\u00bb, indic\u00f3 el mandatario.<\/p>\n\n\n\n<figure class=\"wp-block-image size-full\"><img loading=\"lazy\" decoding=\"async\" width=\"850\" height=\"550\" src=\"https:\/\/portalmovil.com.ar\/wp-content\/uploads\/2023\/01\/dc1a61f51651d943234e8f512e6bf912.jpg\" alt=\"\" class=\"wp-image-69586\" srcset=\"https:\/\/portalmovil.com.ar\/wp-content\/uploads\/2023\/01\/dc1a61f51651d943234e8f512e6bf912.jpg 850w, https:\/\/portalmovil.com.ar\/wp-content\/uploads\/2023\/01\/dc1a61f51651d943234e8f512e6bf912-300x194.jpg 300w, https:\/\/portalmovil.com.ar\/wp-content\/uploads\/2023\/01\/dc1a61f51651d943234e8f512e6bf912-768x497.jpg 768w\" sizes=\"auto, (max-width: 850px) 100vw, 850px\" \/><\/figure>\n\n\n\n<p>Se trata de un proyecto de inversi\u00f3n privada iniciado por la familia Luque que el Gobierno acompa\u00f1a: unos 75 millones de pesos son financiados por el Nuevo Banco del Chaco (NBCH) a trav\u00e9s de un convenio con el ministerio de Planificaci\u00f3n, Econom\u00eda e Infraestructura que bonifica la tasa de cr\u00e9dito.<\/p>\n\n\n\n<p>La obra se emplaza en inmediaciones a la rotonda de la avenida Sarmiento y la autov\u00eda de la ruta 16, en el barrio La California. El ministro de Producci\u00f3n, Industria y Empleo, Sebasti\u00e1n Lifton, cont\u00f3 que hace tiempo los propietarios ven\u00edan proyectando salir del casco c\u00e9ntrico. Las autoridades planifican un colegio para mil alumnos en todos sus niveles y tienen en carpeta adem\u00e1s un proyecto de formaci\u00f3n profesional gratuito.<\/p>\n","protected":false},"excerpt":{"rendered":"<p>El gobernador Jorge Capitanich supervis\u00f3 este martes la construcci\u00f3n de la nueva sede del colegio integral \u00abDr. Carlos L\u00f3pez Piacentini\u00bb, que prev\u00e9 una inversi\u00f3n de 200 millones de pesos. \u201cEs una instituci\u00f3n que tiene una proyecci\u00f3n de cerca de mil alumnos con una infraestructura que se pretende est\u00e9 terminada en mayo y que cuenta con &hellip;<\/p>\n","protected":false},"author":2,"featured_media":69587,"comment_status":"open","ping_status":"open","sticky":false,"template":"","format":"standard","meta":{"_jetpack_memberships_contains_paid_content":false,"footnotes":"","jetpack_publicize_message":"","jetpack_publicize_feature_enabled":true,"jetpack_social_post_already_shared":true,"jetpack_social_options":{"image_generator_settings":{"template":"highway","default_image_id":0,"font":"","enabled":false},"version":2}},"categories":[5,14,12],"tags":[],"class_list":["post-69585","post","type-post","status-publish","format-standard","has-post-thumbnail","hentry","category-chaco","category-politica","category-ultimo"],"jetpack_publicize_connections":[],"jetpack_featured_media_url":"https:\/\/portalmovil.com.ar\/wp-content\/uploads\/2023\/01\/896d2f714d29ef5a8f66b7cfdb95beba.jpg","jetpack_sharing_enabled":true,"amp_enabled":true,"_links":{"self":[{"href":"https:\/\/portalmovil.com.ar\/index.php\/wp-json\/wp\/v2\/posts\/69585","targetHints":{"allow":["GET"]}}],"collection":[{"href":"https:\/\/portalmovil.com.ar\/index.php\/wp-json\/wp\/v2\/posts"}],"about":[{"href":"https:\/\/portalmovil.com.ar\/index.php\/wp-json\/wp\/v2\/types\/post"}],"author":[{"embeddable":true,"href":"https:\/\/portalmovil.com.ar\/index.php\/wp-json\/wp\/v2\/users\/2"}],"replies":[{"embeddable":true,"href":"https:\/\/portalmovil.com.ar\/index.php\/wp-json\/wp\/v2\/comments?post=69585"}],"version-history":[{"count":2,"href":"https:\/\/portalmovil.com.ar\/index.php\/wp-json\/wp\/v2\/posts\/69585\/revisions"}],"predecessor-version":[{"id":69589,"href":"https:\/\/portalmovil.com.ar\/index.php\/wp-json\/wp\/v2\/posts\/69585\/revisions\/69589"}],"wp:featuredmedia":[{"embeddable":true,"href":"https:\/\/portalmovil.com.ar\/index.php\/wp-json\/wp\/v2\/media\/69587"}],"wp:attachment":[{"href":"https:\/\/portalmovil.com.ar\/index.php\/wp-json\/wp\/v2\/media?parent=69585"}],"wp:term":[{"taxonomy":"category","embeddable":true,"href":"https:\/\/portalmovil.com.ar\/index.php\/wp-json\/wp\/v2\/categories?post=69585"},{"taxonomy":"post_tag","embeddable":true,"href":"https:\/\/portalmovil.com.ar\/index.php\/wp-json\/wp\/v2\/tags?post=69585"}],"curies":[{"name":"wp","href":"https:\/\/api.w.org\/{rel}","templated":true}]}}