{"id":69569,"date":"2023-01-10T14:08:06","date_gmt":"2023-01-10T17:08:06","guid":{"rendered":"https:\/\/portalmovil.com.ar\/?p=69569"},"modified":"2023-01-10T14:08:08","modified_gmt":"2023-01-10T17:08:08","slug":"la-municipalidad-de-resistencia-presento-una-nueva-denuncia-por-libre-circulacion","status":"publish","type":"post","link":"https:\/\/portalmovil.com.ar\/index.php\/2023\/01\/10\/la-municipalidad-de-resistencia-presento-una-nueva-denuncia-por-libre-circulacion\/","title":{"rendered":"La Municipalidad de Resistencia present\u00f3 una nueva denuncia por \u201clibre circulaci\u00f3n\u201d"},"content":{"rendered":"\n<p>La Municipalidad de Resistencia realiz\u00f3 una nueva denuncia ante la Justicia para solicitar \u00abque se garantice el derecho a la libre circulaci\u00f3n en la capital chaque\u00f1a, teniendo en cuenta la interrupci\u00f3n en el tr\u00e1nsito vehicular que se reitera en todas las jornadas, sobre todo en la zona del microcentro\u00bb, seg\u00fan lo informaron este martes.<\/p>\n\n\n\n<p>Desde el Municipio aseguran que \u00ablas presentaciones no son en contra ni de los movimientos sociales ni de sus dirigentes y mucho menos de los reclamos que realizan, sino para impedir la vulneraci\u00f3n al derecho a circular libremente por la ciudad\u00bb.&nbsp;\u00abSe recalc\u00f3 tambi\u00e9n que no se pone en tela de juicio los respectivos reclamos que se llevan adelante ni de la representaci\u00f3n que los referentes hacen de los vecinos y sectores vulnerables, pero s\u00ed se cuestiona el m\u00e9todo de protesta de cortar calles\u00bb, agregaron.<\/p>\n\n\n\n<h3 class=\"wp-block-heading\"><strong>La denuncia<\/strong><\/h3>\n\n\n\n<p>En ese marco, informaron que la gesti\u00f3n municipal llev\u00f3 a cabo una presentaci\u00f3n por escrito denunciando al&nbsp;<strong>MTH, Popular Dar\u00edo Santill\u00e1n, Mujeres al Frente, Forjando Esperanza, 28 de Marzo, 16 de Marzo, MTD Raul Guti\u00e9rrez, Autoconvocados Lote 202, MTD Salvando Vidas, MTH Madres de la Esperanza, MTE Delegaci\u00f3n Mariano Moreno, Movimiento de Trabajadores Excluidos y Fundaci\u00f3n Podemos Juntos<\/strong>.<\/p>\n\n\n\n<p>En el escrito se describe que \u201ccon una cantidad importante de personas, 500 a 700 aproximadamente, se ocuparon las calles de la ciudad impidiendo el libre tr\u00e1nsito vehicular y de personas. Se concentraron inicialmente sobre avenida 9 de Julio hacia los n\u00fameros descendentes y marchan hasta detenerse frente al edificio de la fiscal\u00eda (avenida 9 de Julio 240) recibiendo \u00f3rdenes e instrucciones de los referentes que encabezan y dirigen su accionar\u201d, y se agrega que utilizaron \u201celementos de percusi\u00f3n, carteles, interceptando la circulaci\u00f3n vehicular y peatonal\u201d.<\/p>\n\n\n\n<p>De esta manera, el municipio dej\u00f3 expresado que \u201cpretende garantizar la libre circulaci\u00f3n de los ciudadanos ante los derechos constitucionales afectados\u201d, siempre teniendo en cuenta que \u201cno se desconocen los derechos a estas agrupaciones a la libre expresi\u00f3n, protesta, reclamos o manifestaci\u00f3n ante las autoridades, sino crean dentro de la ciudad un \u00e1mbito de igualdad y garantizar la circulaci\u00f3n libre de todos sus habitantes\u201d.<\/p>\n\n\n\n<h3 class=\"wp-block-heading\"><strong>Postura<\/strong><\/h3>\n\n\n\n<p>Seg\u00fan indicaron, la representante legal de la Direcci\u00f3n General de Tr\u00e1nsito, Giselle Gauna Lavagno, dej\u00f3 en claro que \u201cno se est\u00e1 en contra de los movimientos ni de sus reclamos y se consideran totalmente v\u00e1lidos los pedidos, pero se pretende que los medios de reclamo dejen de ser los cortes de calles\u201d, y agreg\u00f3 que \u201chay una modalidad que tomaron distintos movimientos sociales de ejecutar actos irregulares, ya que hay un acostumbramiento al piquete y no es lo que deber\u00eda ser en un Estado de derecho donde todo debe desarrollarse con orden\u201d.<\/p>\n\n\n\n<p>En igual sentido, remarc\u00f3 que \u201cel esp\u00edritu de la presentaci\u00f3n tiene definido que la gesti\u00f3n municipal no est\u00e1 en contra de los movimientos sociales ni hay ning\u00fan tipo de inconvenientes con los dirigentes que llevan adelante sus reclamos que son v\u00e1lidos y las puertas del Municipio est\u00e1n abiertas para el di\u00e1logo, pero hay que entender que las v\u00edas que se est\u00e1n utilizando, como el piquete, se requieren que dejen de ser efectivas\u201d.<\/p>\n\n\n\n<p>Adem\u00e1s, remarc\u00f3 que \u201cel Municipio de Resistencia entendi\u00f3 que se tiene que defender el derecho a la libre circulaci\u00f3n y otorgar la posibilidad de acceder a todos los servicios p\u00fablicos disponibles para desarrollar las actividades de manera normal\u201d.<\/p>\n","protected":false},"excerpt":{"rendered":"<p>La Municipalidad de Resistencia realiz\u00f3 una nueva denuncia ante la Justicia para solicitar \u00abque se garantice el derecho a la libre circulaci\u00f3n en la capital chaque\u00f1a, teniendo en cuenta la interrupci\u00f3n en el tr\u00e1nsito vehicular que se reitera en todas las jornadas, sobre todo en la zona del microcentro\u00bb, seg\u00fan lo informaron este martes. Desde &hellip;<\/p>\n","protected":false},"author":2,"featured_media":69570,"comment_status":"open","ping_status":"open","sticky":false,"template":"","format":"standard","meta":{"_jetpack_memberships_contains_paid_content":false,"footnotes":"","jetpack_publicize_message":"","jetpack_publicize_feature_enabled":true,"jetpack_social_post_already_shared":true,"jetpack_social_options":{"image_generator_settings":{"template":"highway","default_image_id":0,"font":"","enabled":false},"version":2}},"categories":[14,37],"tags":[],"class_list":["post-69569","post","type-post","status-publish","format-standard","has-post-thumbnail","hentry","category-politica","category-resistencia"],"jetpack_publicize_connections":[],"jetpack_featured_media_url":"https:\/\/portalmovil.com.ar\/wp-content\/uploads\/2023\/01\/63bd8c506577e922508510.jpg","jetpack_sharing_enabled":true,"amp_enabled":true,"_links":{"self":[{"href":"https:\/\/portalmovil.com.ar\/index.php\/wp-json\/wp\/v2\/posts\/69569","targetHints":{"allow":["GET"]}}],"collection":[{"href":"https:\/\/portalmovil.com.ar\/index.php\/wp-json\/wp\/v2\/posts"}],"about":[{"href":"https:\/\/portalmovil.com.ar\/index.php\/wp-json\/wp\/v2\/types\/post"}],"author":[{"embeddable":true,"href":"https:\/\/portalmovil.com.ar\/index.php\/wp-json\/wp\/v2\/users\/2"}],"replies":[{"embeddable":true,"href":"https:\/\/portalmovil.com.ar\/index.php\/wp-json\/wp\/v2\/comments?post=69569"}],"version-history":[{"count":1,"href":"https:\/\/portalmovil.com.ar\/index.php\/wp-json\/wp\/v2\/posts\/69569\/revisions"}],"predecessor-version":[{"id":69571,"href":"https:\/\/portalmovil.com.ar\/index.php\/wp-json\/wp\/v2\/posts\/69569\/revisions\/69571"}],"wp:featuredmedia":[{"embeddable":true,"href":"https:\/\/portalmovil.com.ar\/index.php\/wp-json\/wp\/v2\/media\/69570"}],"wp:attachment":[{"href":"https:\/\/portalmovil.com.ar\/index.php\/wp-json\/wp\/v2\/media?parent=69569"}],"wp:term":[{"taxonomy":"category","embeddable":true,"href":"https:\/\/portalmovil.com.ar\/index.php\/wp-json\/wp\/v2\/categories?post=69569"},{"taxonomy":"post_tag","embeddable":true,"href":"https:\/\/portalmovil.com.ar\/index.php\/wp-json\/wp\/v2\/tags?post=69569"}],"curies":[{"name":"wp","href":"https:\/\/api.w.org\/{rel}","templated":true}]}}