{"id":69519,"date":"2023-01-09T18:57:25","date_gmt":"2023-01-09T21:57:25","guid":{"rendered":"https:\/\/portalmovil.com.ar\/?p=69519"},"modified":"2023-01-09T18:57:28","modified_gmt":"2023-01-09T21:57:28","slug":"alberto-fernandez-argentina-comenzo-a-crecer-desde-hace-dos-anos","status":"publish","type":"post","link":"https:\/\/portalmovil.com.ar\/index.php\/2023\/01\/09\/alberto-fernandez-argentina-comenzo-a-crecer-desde-hace-dos-anos\/","title":{"rendered":"Alberto Fern\u00e1ndez: \u201cArgentina comenz\u00f3 a crecer desde hace dos a\u00f1os\u201d"},"content":{"rendered":"\n<p>El presidente\u00a0Alberto Fern\u00e1ndez\u00a0visit\u00f3 la ciudad de Miramar este lunes en el marco de su\u00a0estad\u00eda esta semana en los hoteles del complejo tur\u00edstico de Chapadmalal, donde el Ejecutivo nacional tiene residencia oficial cada verano.<\/p>\n\n\n\n<p>Durante su alocuci\u00f3n&nbsp;<strong>el presidente destac\u00f3 el crecimiento econ\u00f3mico registrado en la Argentina \u201cdesde hace dos a\u00f1os\u201d&nbsp;<\/strong>y no dud\u00f3 en asegurar&nbsp;que \u201cel turismo tuvo mucho que ver con eso\u201d.<\/p>\n\n\n\n<p>\u201cLa Argentina no est\u00e1 por arrancar, ya arranc\u00f3 hace dos a\u00f1os\u201d, expres\u00f3 el mandatario y en ese sentido destac\u00f3: \u201cCrecimos el 10,3 por ciento en el 2021, vamos a crecer en 2022 alrededor del 5,7 por ciento y eso ya nos asegura que vamos a crecer en el 2023\u201d, se envalenton\u00f3.<\/p>\n\n\n\n<p>\u201cTenemos el\u00a0<strong>segundo \u00edndice de desocupaci\u00f3n m\u00e1s bajo de los \u00faltimos 20 a\u00f1os<\/strong>, el trabajo formal crece a un ritmo del 0,5 por ciento mensual, y tenemos 21 provincias de la Argentina con menos del 1 por ciento de desocupaci\u00f3n\u201d, remarc\u00f3 Fern\u00e1ndez una vez terminado el encuentro realizado en el Golf Club de Miramar,\u00a0por donde hab\u00eda pasado el gobernador Axel Kicillof la semana pasada.<\/p>\n\n\n\n<p>\u201cHemos podido&nbsp;<strong>ordenar las cuentas p\u00fablicas sin que la educaci\u00f3n padezca, sin que la salud padezca, sin que la producci\u00f3n padezca y sin que nadie vea perder su trabajo<\/strong>\u201d, destac\u00f3 el presidente a continuaci\u00f3n.<\/p>\n\n\n\n<p>Adem\u00e1s, record\u00f3 las pol\u00edticas impulsadas por el gobierno nacional durante la pandemia para respaldar al sector del turismo y celebr\u00f3 tener \u201cuna temporada tur\u00edstica r\u00e9cord en 2023, porque eso marca que hicimos bien la apuesta. Mantuvimos todos sus hoteles, restaurantes y ustedes el d\u00eda despu\u00e9s pusieron todo para seguir brindando servicios\u201d, celebr\u00f3 Fern\u00e1ndez.<\/p>\n\n\n\n<p>Por \u00faltimo el titular del Ejecutivo nacional remarc\u00f3:&nbsp;\u201cTenemos un mercado interno muy poderoso,&nbsp;<strong>el 70 por ciento de lo que producimos lo consumimos nosotros<\/strong>&nbsp;y all\u00ed el turismo tiene mucho que ver\u201d.<\/p>\n\n\n\n<p>\u201cTenemos una gran oportunidad, no debemos desperdiciarla, debemos usarla bien y debemos ver de qu\u00e9 manera somos capaces de hacer de estos objetivos una pol\u00edtica de Estado\u201d, concluy\u00f3 el presidente.<\/p>\n","protected":false},"excerpt":{"rendered":"<p>El presidente\u00a0Alberto Fern\u00e1ndez\u00a0visit\u00f3 la ciudad de Miramar este lunes en el marco de su\u00a0estad\u00eda esta semana en los hoteles del complejo tur\u00edstico de Chapadmalal, donde el Ejecutivo nacional tiene residencia oficial cada verano. Durante su alocuci\u00f3n&nbsp;el presidente destac\u00f3 el crecimiento econ\u00f3mico registrado en la Argentina \u201cdesde hace dos a\u00f1os\u201d&nbsp;y no dud\u00f3 en asegurar&nbsp;que \u201cel turismo &hellip;<\/p>\n","protected":false},"author":2,"featured_media":69520,"comment_status":"open","ping_status":"open","sticky":false,"template":"","format":"standard","meta":{"_jetpack_memberships_contains_paid_content":false,"footnotes":"","jetpack_publicize_message":"","jetpack_publicize_feature_enabled":true,"jetpack_social_post_already_shared":true,"jetpack_social_options":{"image_generator_settings":{"template":"highway","default_image_id":0,"font":"","enabled":false},"version":2}},"categories":[639,14,12],"tags":[],"class_list":["post-69519","post","type-post","status-publish","format-standard","has-post-thumbnail","hentry","category-argentina","category-politica","category-ultimo"],"jetpack_publicize_connections":[],"jetpack_featured_media_url":"https:\/\/portalmovil.com.ar\/wp-content\/uploads\/2023\/01\/63bc5fec049a4.01.2023-foto-alejandro-moritz_1200.jpg","jetpack_sharing_enabled":true,"amp_enabled":true,"_links":{"self":[{"href":"https:\/\/portalmovil.com.ar\/index.php\/wp-json\/wp\/v2\/posts\/69519","targetHints":{"allow":["GET"]}}],"collection":[{"href":"https:\/\/portalmovil.com.ar\/index.php\/wp-json\/wp\/v2\/posts"}],"about":[{"href":"https:\/\/portalmovil.com.ar\/index.php\/wp-json\/wp\/v2\/types\/post"}],"author":[{"embeddable":true,"href":"https:\/\/portalmovil.com.ar\/index.php\/wp-json\/wp\/v2\/users\/2"}],"replies":[{"embeddable":true,"href":"https:\/\/portalmovil.com.ar\/index.php\/wp-json\/wp\/v2\/comments?post=69519"}],"version-history":[{"count":1,"href":"https:\/\/portalmovil.com.ar\/index.php\/wp-json\/wp\/v2\/posts\/69519\/revisions"}],"predecessor-version":[{"id":69521,"href":"https:\/\/portalmovil.com.ar\/index.php\/wp-json\/wp\/v2\/posts\/69519\/revisions\/69521"}],"wp:featuredmedia":[{"embeddable":true,"href":"https:\/\/portalmovil.com.ar\/index.php\/wp-json\/wp\/v2\/media\/69520"}],"wp:attachment":[{"href":"https:\/\/portalmovil.com.ar\/index.php\/wp-json\/wp\/v2\/media?parent=69519"}],"wp:term":[{"taxonomy":"category","embeddable":true,"href":"https:\/\/portalmovil.com.ar\/index.php\/wp-json\/wp\/v2\/categories?post=69519"},{"taxonomy":"post_tag","embeddable":true,"href":"https:\/\/portalmovil.com.ar\/index.php\/wp-json\/wp\/v2\/tags?post=69519"}],"curies":[{"name":"wp","href":"https:\/\/api.w.org\/{rel}","templated":true}]}}