{"id":68822,"date":"2022-12-27T08:05:12","date_gmt":"2022-12-27T11:05:12","guid":{"rendered":"https:\/\/portalmovil.com.ar\/?p=68822"},"modified":"2022-12-27T08:05:15","modified_gmt":"2022-12-27T11:05:15","slug":"organizaciones-sociales-protestan-frente-a-las-puertas-de-supermercados","status":"publish","type":"post","link":"https:\/\/portalmovil.com.ar\/index.php\/2022\/12\/27\/organizaciones-sociales-protestan-frente-a-las-puertas-de-supermercados\/","title":{"rendered":"Organizaciones sociales protestan frente a las puertas de supermercados"},"content":{"rendered":"\n<p>Militantes del Frente Popular Dar\u00edo Santill\u00e1n (FPDS) se concentrar\u00e1n hoy en los accesos a grandes supermercados de todo el pa\u00eds, para reclamar contra \u00abla especulaci\u00f3n\u00bb que ejercen los formadores de precios y pedir \u00abuna redistribuci\u00f3n m\u00e1s justa de los ingresos\u00bb.<\/p>\n\n\n\n<p>\u00abExigimos lo b\u00e1sico, un piso de derechos en un fin de a\u00f1o duro, sobre todo para las y los que menos tienen. Si hay crecimiento en la econom\u00eda, que llegue a los y las \u00faltimas de la fila como prometieron y no se la llevan unos pocos vivos mientras ajustan a los y las de abajo\u00bb, se\u00f1al\u00f3 a trav\u00e9s de un comunicado Dina S\u00e1nchez, vocera del FPDS y secretaria adjunta de la Uni\u00f3n de Trabajadores de la Econom\u00eda Popular (UTEP).<\/p>\n\n\n\n<p>En en \u00c1rea Metropolitana de Buenos Aires (AMBA), los manifestantes se concentrar\u00e1n a partir de las 9 frente a al supermercado Coto, ubicado en Lima 1553 de la Capital Federal, y en la sucursal que la misma empresa posee en la localidad de Tapiales, en el partido de La Matanza.<\/p>\n\n\n\n<p>En tanto que ma\u00f1ana, voceros del Fpds anunciaron que se sumar\u00e1n a la movilizaci\u00f3n que se congregar\u00e1 a partir de las 10 en el Obelisco para protestar \u00abcontra el golpe institucional que realizan la derecha y la Corte Suprema.<\/p>\n","protected":false},"excerpt":{"rendered":"<p>Militantes del Frente Popular Dar\u00edo Santill\u00e1n (FPDS) se concentrar\u00e1n hoy en los accesos a grandes supermercados de todo el pa\u00eds, para reclamar contra \u00abla especulaci\u00f3n\u00bb que ejercen los formadores de precios y pedir \u00abuna redistribuci\u00f3n m\u00e1s justa de los ingresos\u00bb. \u00abExigimos lo b\u00e1sico, un piso de derechos en un fin de a\u00f1o duro, sobre todo &hellip;<\/p>\n","protected":false},"author":2,"featured_media":68823,"comment_status":"open","ping_status":"open","sticky":false,"template":"","format":"standard","meta":{"_jetpack_memberships_contains_paid_content":false,"footnotes":"","jetpack_publicize_message":"","jetpack_publicize_feature_enabled":true,"jetpack_social_post_already_shared":true,"jetpack_social_options":{"image_generator_settings":{"template":"highway","default_image_id":0,"font":"","enabled":false},"version":2}},"categories":[28,639],"tags":[],"class_list":["post-68822","post","type-post","status-publish","format-standard","has-post-thumbnail","hentry","category-actualidad","category-argentina"],"jetpack_publicize_connections":[],"jetpack_featured_media_url":"https:\/\/portalmovil.com.ar\/wp-content\/uploads\/2022\/12\/63aaced08fc5f734106120.jpg","jetpack_sharing_enabled":true,"amp_enabled":true,"_links":{"self":[{"href":"https:\/\/portalmovil.com.ar\/index.php\/wp-json\/wp\/v2\/posts\/68822","targetHints":{"allow":["GET"]}}],"collection":[{"href":"https:\/\/portalmovil.com.ar\/index.php\/wp-json\/wp\/v2\/posts"}],"about":[{"href":"https:\/\/portalmovil.com.ar\/index.php\/wp-json\/wp\/v2\/types\/post"}],"author":[{"embeddable":true,"href":"https:\/\/portalmovil.com.ar\/index.php\/wp-json\/wp\/v2\/users\/2"}],"replies":[{"embeddable":true,"href":"https:\/\/portalmovil.com.ar\/index.php\/wp-json\/wp\/v2\/comments?post=68822"}],"version-history":[{"count":1,"href":"https:\/\/portalmovil.com.ar\/index.php\/wp-json\/wp\/v2\/posts\/68822\/revisions"}],"predecessor-version":[{"id":68824,"href":"https:\/\/portalmovil.com.ar\/index.php\/wp-json\/wp\/v2\/posts\/68822\/revisions\/68824"}],"wp:featuredmedia":[{"embeddable":true,"href":"https:\/\/portalmovil.com.ar\/index.php\/wp-json\/wp\/v2\/media\/68823"}],"wp:attachment":[{"href":"https:\/\/portalmovil.com.ar\/index.php\/wp-json\/wp\/v2\/media?parent=68822"}],"wp:term":[{"taxonomy":"category","embeddable":true,"href":"https:\/\/portalmovil.com.ar\/index.php\/wp-json\/wp\/v2\/categories?post=68822"},{"taxonomy":"post_tag","embeddable":true,"href":"https:\/\/portalmovil.com.ar\/index.php\/wp-json\/wp\/v2\/tags?post=68822"}],"curies":[{"name":"wp","href":"https:\/\/api.w.org\/{rel}","templated":true}]}}