{"id":68715,"date":"2022-12-24T18:26:02","date_gmt":"2022-12-24T21:26:02","guid":{"rendered":"https:\/\/portalmovil.com.ar\/?p=68715"},"modified":"2022-12-24T18:26:05","modified_gmt":"2022-12-24T21:26:05","slug":"capitanich-llamo-a-renovar-el-compromiso-hacia-2023","status":"publish","type":"post","link":"https:\/\/portalmovil.com.ar\/index.php\/2022\/12\/24\/capitanich-llamo-a-renovar-el-compromiso-hacia-2023\/","title":{"rendered":"Capitanich llam\u00f3 a renovar el compromiso hacia 2023"},"content":{"rendered":"\n<p>En la v\u00edspera de Nochebuena, el gobernador Jorge Capitanich envi\u00f3 su saludo por las Fiestas de Fin de A\u00f1o al pueblo chaque\u00f1o. El mandatario record\u00f3 el sentido del nacimiento del Ni\u00f1o Jes\u00fas como \u201cuna inspiraci\u00f3n del valor de quien venci\u00f3 a la muerte\u201d.&nbsp;<\/p>\n\n\n\n<p>En su mensaje se dirigi\u00f3 a los comprovincianos y comprovincianas, diciendo: \u201cQuiero enviar mi c\u00e1lido y afectuoso saludo en virtud de las pr\u00f3ximas festividades de Nochebuena y de Navidad. Y desearles un pr\u00f3spero a\u00f1o 2023\u201d.<\/p>\n\n\n\n<p>El mandatario chaque\u00f1o a\u00f1adi\u00f3 que \u201ceste arbolito de Navidad, simboliza para cada uno de nosotros, como cristianos, este tiempo de espera, este tiempo de adviento y esperanza que nos induce a la reflexi\u00f3n y tambi\u00e9n al compromiso con fecundidad. Por eso hoy el nacimiento de nuestro ni\u00f1o Jes\u00fas es el que nos inspira el valor de aquel que venci\u00f3 a la muerte . Aquel que dio la vida por nosotros para que mediante su amor nos libere de los pecados. Por eso para quienes profesamos la fe cristiana, sabemos que este es un tiempo de desaf\u00edos, de interpelarnos, de compartir fraternalmente y de construir una comunidad en el amor al pr\u00f3jimo, en el amor a Dios\u201d.&nbsp;<\/p>\n\n\n\n<p>Finalmente, Capitanich expres\u00f3: \u201cQuiero desearles mis mejores deseos, para que estas fiestas ustedes puedan compartirla en familia, con un coraz\u00f3n abierto, fecundo, en introspecci\u00f3n pero tambi\u00e9n en reconversi\u00f3n, es decir, en conversi\u00f3n permanente, para sentir desde el coraz\u00f3n la vida fraterna que Dios nos inspira a cada uno de nosotros\u201d.<\/p>\n","protected":false},"excerpt":{"rendered":"<p>En la v\u00edspera de Nochebuena, el gobernador Jorge Capitanich envi\u00f3 su saludo por las Fiestas de Fin de A\u00f1o al pueblo chaque\u00f1o. El mandatario record\u00f3 el sentido del nacimiento del Ni\u00f1o Jes\u00fas como \u201cuna inspiraci\u00f3n del valor de quien venci\u00f3 a la muerte\u201d.&nbsp; En su mensaje se dirigi\u00f3 a los comprovincianos y comprovincianas, diciendo: \u201cQuiero &hellip;<\/p>\n","protected":false},"author":2,"featured_media":68716,"comment_status":"open","ping_status":"open","sticky":false,"template":"","format":"standard","meta":{"_jetpack_memberships_contains_paid_content":false,"footnotes":"","jetpack_publicize_message":"","jetpack_publicize_feature_enabled":true,"jetpack_social_post_already_shared":true,"jetpack_social_options":{"image_generator_settings":{"template":"highway","default_image_id":0,"font":"","enabled":false},"version":2}},"categories":[5,14,12],"tags":[],"class_list":["post-68715","post","type-post","status-publish","format-standard","has-post-thumbnail","hentry","category-chaco","category-politica","category-ultimo"],"jetpack_publicize_connections":[],"jetpack_featured_media_url":"https:\/\/portalmovil.com.ar\/wp-content\/uploads\/2022\/12\/7b7ed9c8-7290-47e4-8702-a57ab7b68485.jpg","jetpack_sharing_enabled":true,"amp_enabled":true,"_links":{"self":[{"href":"https:\/\/portalmovil.com.ar\/index.php\/wp-json\/wp\/v2\/posts\/68715","targetHints":{"allow":["GET"]}}],"collection":[{"href":"https:\/\/portalmovil.com.ar\/index.php\/wp-json\/wp\/v2\/posts"}],"about":[{"href":"https:\/\/portalmovil.com.ar\/index.php\/wp-json\/wp\/v2\/types\/post"}],"author":[{"embeddable":true,"href":"https:\/\/portalmovil.com.ar\/index.php\/wp-json\/wp\/v2\/users\/2"}],"replies":[{"embeddable":true,"href":"https:\/\/portalmovil.com.ar\/index.php\/wp-json\/wp\/v2\/comments?post=68715"}],"version-history":[{"count":1,"href":"https:\/\/portalmovil.com.ar\/index.php\/wp-json\/wp\/v2\/posts\/68715\/revisions"}],"predecessor-version":[{"id":68717,"href":"https:\/\/portalmovil.com.ar\/index.php\/wp-json\/wp\/v2\/posts\/68715\/revisions\/68717"}],"wp:featuredmedia":[{"embeddable":true,"href":"https:\/\/portalmovil.com.ar\/index.php\/wp-json\/wp\/v2\/media\/68716"}],"wp:attachment":[{"href":"https:\/\/portalmovil.com.ar\/index.php\/wp-json\/wp\/v2\/media?parent=68715"}],"wp:term":[{"taxonomy":"category","embeddable":true,"href":"https:\/\/portalmovil.com.ar\/index.php\/wp-json\/wp\/v2\/categories?post=68715"},{"taxonomy":"post_tag","embeddable":true,"href":"https:\/\/portalmovil.com.ar\/index.php\/wp-json\/wp\/v2\/tags?post=68715"}],"curies":[{"name":"wp","href":"https:\/\/api.w.org\/{rel}","templated":true}]}}