{"id":68609,"date":"2022-12-22T17:27:18","date_gmt":"2022-12-22T20:27:18","guid":{"rendered":"https:\/\/portalmovil.com.ar\/?p=68609"},"modified":"2022-12-22T17:27:23","modified_gmt":"2022-12-22T20:27:23","slug":"martinez-firmo-el-inicio-de-obras-para-espacios-publicos-de-distintos-sectores-de-la-ciudad","status":"publish","type":"post","link":"https:\/\/portalmovil.com.ar\/index.php\/2022\/12\/22\/martinez-firmo-el-inicio-de-obras-para-espacios-publicos-de-distintos-sectores-de-la-ciudad\/","title":{"rendered":"Mart\u00ednez firm\u00f3 el inicio de obras para espacios p\u00fablicos de distintos sectores de la ciudad"},"content":{"rendered":"\n<p>El intendente Gustavo Mart\u00ednez firm\u00f3 el contrato para el inicio de las obras para 5 espacios p\u00fablicos de Resistencia. Se trata de las plazoletas de Villa Barber\u00e1n y del barrio Provincias Unidas, m\u00e1s los parques urbanos Tiro Federal, Villa Prosperidad y \u00c1valos. Con un presupuesto con recursos propios aproximado a los 723 millones de pesos y poco m\u00e1s de 13 hect\u00e1reas a intervenir, los trabajos comenzar\u00e1n en enero de 2023 y se prev\u00e9 terminarlas entre mayo y junio del mismo a\u00f1o.<\/p>\n\n\n\n<p>Las empresas encargadas de las mismas son Edafica SA, EVRO, CRE NOR SA, Resistencia Soluciones SA y Macom SA.<\/p>\n\n\n\n<p>\u201cEstamos iniciando una etapa fundamental en lo que refiere a la refuncionalizaci\u00f3n de los espacios p\u00fablicos\u201d, observ\u00f3 el intendente, explicando que \u201cen enero comenzar\u00e1n a construirse tres parques y dos plazas en distintos puntos de la ciudad\u201d.<\/p>\n\n\n\n<p>\u201cEs muy importante en t\u00e9rminos barriales ya que se beneficiar\u00e1n miles de vecinos, como el caso de Villa Barber\u00e1n sobre la calle Lestani donde hay una plaza hist\u00f3rica pero que contaba con muy poco equipamiento\u201d, expuso.<\/p>\n\n\n\n<p>\u201cAhora tendr\u00e1n elementos para uso deportivo, cultural, lugares de estar, sanitarios, recuperaremos el entorno\u201d, agreg\u00f3.<\/p>\n\n\n\n<p>\u201cLa otra plaza es la San Mart\u00edn del barrio Provincias Unidas, que la haremos m\u00e1s accesible, reformulando todo el \u00e1rea, incluso la zona donde est\u00e1 el anfiteatro\u201d, se\u00f1al\u00f3.<\/p>\n\n\n\n<p>Asimismo, se refiri\u00f3 a los parques a intervenir, \u201ccomo el \u00c1valos, con el que hay una deuda hist\u00f3rica, por eso trabajaremos para mejorar sus accesos y que sea el centro de referencia del norte de Resistencia por su riqueza paisaj\u00edstica\u201d.<\/p>\n\n\n\n<figure class=\"wp-block-image\"><img decoding=\"async\" src=\"https:\/\/www.chacodiapordia.com\/wp-content\/uploads\/2022\/12\/PARQUE-AVALOS..jpg\" alt=\"\" class=\"wp-image-356878\"\/><\/figure>\n\n\n\n<p>\u201cY para la zona este incorporaremos el Parque Laguna Prosperidad, que tambi\u00e9n tiene un entorno natural y le agregaremos equipamiento como ser ejercitadores y un anfiteatro\u201d, subray\u00f3.<\/p>\n\n\n\n<p>Tambi\u00e9n hizo menci\u00f3n \u201ca la recuperaci\u00f3n de la superficie del Tiro Federal, que permitir\u00e1 el ordenamiento de las distintas actividades como ser el emprendedurismo y que se potencie la utilidad del lugar\u201d.<\/p>\n\n\n\n<p>\u201cTenemos que seguir haciendo de Resistencia una ciudad caracterizada por la recuperaci\u00f3n de sus lagunas y la utilidad de sus espacios p\u00fablicos, aspectos que tomaron mucho valor en esta post pandemia\u201d, puntualiz\u00f3.<\/p>\n\n\n\n<p><strong>Detalles t\u00e9cnicos<\/strong><\/p>\n\n\n\n<p>Las intervenciones en estos espacios p\u00fablicos ser\u00e1n de la siguiente manera:<\/p>\n\n\n\n<p><strong>Plazoleta Lestani de Villa Barber\u00e1n<\/strong>: Ubicada en calle Mart\u00edn Lestani, entre Sierras de C\u00f3rdoba y San Carlos de Bariloche, con una superficie de 5.000 metros cuadrados y un plazo de ejecuci\u00f3n de 4 meses.<\/p>\n\n\n\n<p><strong>Plazoleta \u201cGeneral San Mart\u00edn\u201d del barrio Provincias Unidas<\/strong>: Sita en calle Carlos Tejedor frente a la seccional Und\u00e9cima de Polic\u00eda, con una superficie de 7.000 metros cuadrados y un plazo de ejecuci\u00f3n de 4 meses.<\/p>\n\n\n\n<p><strong>Parque Urbano Tiro Federal<\/strong>: Avenida Chaco entre Castelli y Cervantes. Superficie 4 hect\u00e1reas y un plazo de ejecuci\u00f3n de 6 meses.<\/p>\n\n\n\n<figure class=\"wp-block-image\"><img decoding=\"async\" src=\"https:\/\/www.chacodiapordia.com\/wp-content\/uploads\/2022\/12\/PARQUE-PROSPERIDAD-1-scaled.jpg\" alt=\"\" class=\"wp-image-356879\"\/><\/figure>\n\n\n\n<p><strong>Parque Urbano Laguna Prosperidad<\/strong>: Calle C\u00f3rdoba entre Noveri y Borrini del barrio Don Bosco. Superficie 2,3 hect\u00e1reas y un plazo de ejecuci\u00f3n de 6 meses.<\/p>\n\n\n\n<p><strong>Parque \u00c1valos<\/strong>: Calle Concepci\u00f3n del Bermejo del 1.300 al 1.600 de los barrios Villa \u00c1valos y El Bols\u00f3n. Superficie 5,6&nbsp; hect\u00e1reas y un plazo de ejecuci\u00f3n de 6 meses.<\/p>\n","protected":false},"excerpt":{"rendered":"<p>El intendente Gustavo Mart\u00ednez firm\u00f3 el contrato para el inicio de las obras para 5 espacios p\u00fablicos de Resistencia. Se trata de las plazoletas de Villa Barber\u00e1n y del barrio Provincias Unidas, m\u00e1s los parques urbanos Tiro Federal, Villa Prosperidad y \u00c1valos. Con un presupuesto con recursos propios aproximado a los 723 millones de pesos &hellip;<\/p>\n","protected":false},"author":2,"featured_media":68610,"comment_status":"open","ping_status":"open","sticky":false,"template":"","format":"standard","meta":{"_jetpack_memberships_contains_paid_content":false,"footnotes":"","jetpack_publicize_message":"","jetpack_publicize_feature_enabled":true,"jetpack_social_post_already_shared":true,"jetpack_social_options":{"image_generator_settings":{"template":"highway","default_image_id":0,"font":"","enabled":false},"version":2}},"categories":[14,37],"tags":[],"class_list":["post-68609","post","type-post","status-publish","format-standard","has-post-thumbnail","hentry","category-politica","category-resistencia"],"jetpack_publicize_connections":[],"jetpack_featured_media_url":"https:\/\/portalmovil.com.ar\/wp-content\/uploads\/2022\/12\/Firma-de-contratos-con-empresas.-2-1-696x474-1.jpg","jetpack_sharing_enabled":true,"amp_enabled":true,"_links":{"self":[{"href":"https:\/\/portalmovil.com.ar\/index.php\/wp-json\/wp\/v2\/posts\/68609","targetHints":{"allow":["GET"]}}],"collection":[{"href":"https:\/\/portalmovil.com.ar\/index.php\/wp-json\/wp\/v2\/posts"}],"about":[{"href":"https:\/\/portalmovil.com.ar\/index.php\/wp-json\/wp\/v2\/types\/post"}],"author":[{"embeddable":true,"href":"https:\/\/portalmovil.com.ar\/index.php\/wp-json\/wp\/v2\/users\/2"}],"replies":[{"embeddable":true,"href":"https:\/\/portalmovil.com.ar\/index.php\/wp-json\/wp\/v2\/comments?post=68609"}],"version-history":[{"count":1,"href":"https:\/\/portalmovil.com.ar\/index.php\/wp-json\/wp\/v2\/posts\/68609\/revisions"}],"predecessor-version":[{"id":68611,"href":"https:\/\/portalmovil.com.ar\/index.php\/wp-json\/wp\/v2\/posts\/68609\/revisions\/68611"}],"wp:featuredmedia":[{"embeddable":true,"href":"https:\/\/portalmovil.com.ar\/index.php\/wp-json\/wp\/v2\/media\/68610"}],"wp:attachment":[{"href":"https:\/\/portalmovil.com.ar\/index.php\/wp-json\/wp\/v2\/media?parent=68609"}],"wp:term":[{"taxonomy":"category","embeddable":true,"href":"https:\/\/portalmovil.com.ar\/index.php\/wp-json\/wp\/v2\/categories?post=68609"},{"taxonomy":"post_tag","embeddable":true,"href":"https:\/\/portalmovil.com.ar\/index.php\/wp-json\/wp\/v2\/tags?post=68609"}],"curies":[{"name":"wp","href":"https:\/\/api.w.org\/{rel}","templated":true}]}}