{"id":6857,"date":"2020-05-25T11:57:37","date_gmt":"2020-05-25T14:57:37","guid":{"rendered":"http:\/\/portalmovil.com.ar\/?p=6857"},"modified":"2020-05-25T11:57:50","modified_gmt":"2020-05-25T14:57:50","slug":"chaco-salud-confirmo-7-nuevos-casos-de-covid-19-el-total-asciende-a-755","status":"publish","type":"post","link":"https:\/\/portalmovil.com.ar\/index.php\/2020\/05\/25\/chaco-salud-confirmo-7-nuevos-casos-de-covid-19-el-total-asciende-a-755\/","title":{"rendered":"CHACO: Salud confirm\u00f3 7 nuevos casos de Covid-19, el total asciende a 755"},"content":{"rendered":"\n<p>El Ministerio de Salud de la Provincia informa que hasta este lunes 25 de mayo fueron confirmadas 755 personas con coronavirus,&nbsp;siete m\u00e1s que ayer,&nbsp;de las cuales, 315 ya recibieron el alta y est\u00e1n recuperadas. Adem\u00e1s, 42 pacientes se encuentran internados y de ellos, 12 en estado grave.<\/p>\n\n\n\n<p>Del total de casos el 42% fue producido por contacto estrecho, en el 21% no se identifica nexo epidemiol\u00f3gico, un 20% por conglomerado, un 2,9% es importado y el resto se encuentra en estudio. Son 43 los fallecimientos.<\/p>\n\n\n\n<p>Hasta el momento se procesaron 5.666 muestras. Del total de muestras, el 86% resultaron resultado positivas.<\/p>\n\n\n\n<p>La distribuci\u00f3n geogr\u00e1fica de casos es la siguiente: Barranqueras 62, Basail 1, Charata 2, Colonia Ben\u00edtez 1, Isla del Cerrito 5, Fontana 34, La Leonesa 1, Las Garcitas 2, Las Palmas 1, Makall\u00e9 1, Margarita Bel\u00e9n 2, Miraflores 1, Misi\u00f3n Nueva Pompeya 1, Pampa del Indio 1, Presidencia Roca 1, Presidencia R. S\u00e1enz Pe\u00f1a 1, Puerto Bermejo 6, Puerto Vilelas 10, Puerto Eva Per\u00f3n 1, Tres Isletas 1, Villa \u00c1ngela 4, Resistencia 613, y residentes de otras provincias que circunstancialmente se encuentran en Chaco: 3.<\/p>\n\n\n\n<p>Las personas con diagn\u00f3stico confirmado de Presidencia Roca, de los de Villa \u00c1ngela, Miraflores, La Leonesa, Puerto Eva Per\u00f3n y Nueva Pompeya, tienen sus domicilios legales en las localidades mencionadas pero cumplieronn el aislamiento en otras localidades.<\/p>\n\n\n\n<figure class=\"wp-block-image\"><img decoding=\"async\" src=\"http:\/\/agenciafoco.com.ar\/media\/cache\/quality\/uploads\/noticias\/5ecbcc7e6266e719315634.jpg\" alt=\"\"\/><\/figure>\n\n\n\n<h3 class=\"wp-block-heading\">Dengue<\/h3>\n\n\n\n<p>Sobre dengue, son 2.658 casos en toda la provincia. Desde la cartera sanitaria enumeraron las localidades que cuentan con m\u00e1s casos, recordando la importancia de la limpieza de patios y eliminaci\u00f3n de criaderos.<\/p>\n\n\n\n<p>Coronel Du Graty con 109, Quitilipi con 133, Las Bre\u00f1as con 94, Miraflores con 84, Campo Largo con 403, S\u00e1enz Pe\u00f1a con 118, Los Frentones con 177, Pampa del Infierno con 213, y Resistencia con 781, son las que al momento registran mayor n\u00famero de personas con casos positivos.<\/p>\n","protected":false},"excerpt":{"rendered":"<p>El Ministerio de Salud de la Provincia informa que hasta este lunes 25 de mayo fueron confirmadas 755 personas con coronavirus,&nbsp;siete m\u00e1s que ayer,&nbsp;de las cuales, 315 ya recibieron el alta y est\u00e1n recuperadas. Adem\u00e1s, 42 pacientes se encuentran internados y de ellos, 12 en estado grave. Del total de casos el 42% fue producido &hellip;<\/p>\n","protected":false},"author":2,"featured_media":2378,"comment_status":"open","ping_status":"open","sticky":false,"template":"","format":"standard","meta":{"_jetpack_memberships_contains_paid_content":false,"footnotes":"","jetpack_publicize_message":"","jetpack_publicize_feature_enabled":true,"jetpack_social_post_already_shared":true,"jetpack_social_options":{"image_generator_settings":{"template":"highway","default_image_id":0,"font":"","enabled":false},"version":2}},"categories":[5,46],"tags":[],"class_list":["post-6857","post","type-post","status-publish","format-standard","has-post-thumbnail","hentry","category-chaco","category-salud"],"jetpack_publicize_connections":[],"jetpack_featured_media_url":"https:\/\/portalmovil.com.ar\/wp-content\/uploads\/2020\/02\/Perrando-1.jpg","jetpack_sharing_enabled":true,"amp_enabled":true,"_links":{"self":[{"href":"https:\/\/portalmovil.com.ar\/index.php\/wp-json\/wp\/v2\/posts\/6857","targetHints":{"allow":["GET"]}}],"collection":[{"href":"https:\/\/portalmovil.com.ar\/index.php\/wp-json\/wp\/v2\/posts"}],"about":[{"href":"https:\/\/portalmovil.com.ar\/index.php\/wp-json\/wp\/v2\/types\/post"}],"author":[{"embeddable":true,"href":"https:\/\/portalmovil.com.ar\/index.php\/wp-json\/wp\/v2\/users\/2"}],"replies":[{"embeddable":true,"href":"https:\/\/portalmovil.com.ar\/index.php\/wp-json\/wp\/v2\/comments?post=6857"}],"version-history":[{"count":1,"href":"https:\/\/portalmovil.com.ar\/index.php\/wp-json\/wp\/v2\/posts\/6857\/revisions"}],"predecessor-version":[{"id":6858,"href":"https:\/\/portalmovil.com.ar\/index.php\/wp-json\/wp\/v2\/posts\/6857\/revisions\/6858"}],"wp:featuredmedia":[{"embeddable":true,"href":"https:\/\/portalmovil.com.ar\/index.php\/wp-json\/wp\/v2\/media\/2378"}],"wp:attachment":[{"href":"https:\/\/portalmovil.com.ar\/index.php\/wp-json\/wp\/v2\/media?parent=6857"}],"wp:term":[{"taxonomy":"category","embeddable":true,"href":"https:\/\/portalmovil.com.ar\/index.php\/wp-json\/wp\/v2\/categories?post=6857"},{"taxonomy":"post_tag","embeddable":true,"href":"https:\/\/portalmovil.com.ar\/index.php\/wp-json\/wp\/v2\/tags?post=6857"}],"curies":[{"name":"wp","href":"https:\/\/api.w.org\/{rel}","templated":true}]}}