{"id":68539,"date":"2022-12-21T19:14:47","date_gmt":"2022-12-21T22:14:47","guid":{"rendered":"https:\/\/portalmovil.com.ar\/?p=68539"},"modified":"2022-12-21T19:14:50","modified_gmt":"2022-12-21T22:14:50","slug":"una-provincia-otorgo-a-sus-empleados-el-bono-de-campeon-del-mundo","status":"publish","type":"post","link":"https:\/\/portalmovil.com.ar\/index.php\/2022\/12\/21\/una-provincia-otorgo-a-sus-empleados-el-bono-de-campeon-del-mundo\/","title":{"rendered":"Una provincia otorg\u00f3 a sus empleados el \u00abbono de campe\u00f3n del mundo\u00bb"},"content":{"rendered":"\n<p>Mientras a\u00fan siguen circulando las im\u00e1genes de los festejos por la obtenci\u00f3n de la Copa del Mundo en Qatar, un gobernador sum\u00f3 una alegr\u00eda adicional a los empleados p\u00fablicos de la provincia: aumento de sueldo y un bono de fin de a\u00f1o.<\/p>\n\n\n\n<p>Se trata de Alberto Rodr\u00edguez Sa\u00e1, mandatario de San Luis, quien hoy anunci\u00f3 estas novedades para el plantel de Estado puntano. En rigor, ya otros gobernadores hab\u00edan dado un plus navide\u00f1o para reactivar el consumo en las fiestas.<\/p>\n\n\n\n<p>As\u00ed, en San Luis, el incremento para diciembre ser\u00e1 de un 20,5 % para lograr una suba anual del 88,5% para este 2022. Adem\u00e1s, se agregaron dos nuevos tramos de aumentos salariales para enero y febrero de 2023, que elevar\u00e1n el ascenso a un 101,5% interanual, para as\u00ed superar la inflaci\u00f3n acumulada que se estima para febrero del pr\u00f3ximo a\u00f1o.<\/p>\n\n\n\n<figure class=\"wp-block-embed is-type-rich is-provider-twitter wp-block-embed-twitter\"><div class=\"wp-block-embed__wrapper\">\n<div class=\"embed-twitter\"><blockquote class=\"twitter-tweet\" data-width=\"500\" data-dnt=\"true\"><p lang=\"es\" dir=\"ltr\">\u26bd\ufe0f\ud83c\udde6\ud83c\uddf7Con rituales o c\u00e1balas&#8230;. con asado o tallarines&#8230;.en casa o en el trabajo&#8230;solos, en familia, amigos o en pareja&#8230;no importa c\u00f3mo! <br>La pasi\u00f3n del mundial es \u00fanica pero es SUPERIOR si juega nuestra Argentina!! \ud83c\udde6\ud83c\uddf7\ud83c\udde6\ud83c\uddf7<br>Alentando con el coraz\u00f3n a nuestra selecci\u00f3n!\ud83e\udd73\u26bd\ufe0f <a href=\"https:\/\/t.co\/hmxrvPGP2c\">pic.twitter.com\/hmxrvPGP2c<\/a><\/p>&mdash; Alberto R Sa\u00e1 (@alberto_rsaa) <a href=\"https:\/\/twitter.com\/alberto_rsaa\/status\/1598048534359863297?ref_src=twsrc%5Etfw\">November 30, 2022<\/a><\/blockquote><script async src=\"https:\/\/platform.twitter.com\/widgets.js\" charset=\"utf-8\"><\/script><\/div>\n<\/div><\/figure>\n","protected":false},"excerpt":{"rendered":"<p>Mientras a\u00fan siguen circulando las im\u00e1genes de los festejos por la obtenci\u00f3n de la Copa del Mundo en Qatar, un gobernador sum\u00f3 una alegr\u00eda adicional a los empleados p\u00fablicos de la provincia: aumento de sueldo y un bono de fin de a\u00f1o. Se trata de Alberto Rodr\u00edguez Sa\u00e1, mandatario de San Luis, quien hoy anunci\u00f3 &hellip;<\/p>\n","protected":false},"author":2,"featured_media":61927,"comment_status":"open","ping_status":"open","sticky":false,"template":"","format":"standard","meta":{"_jetpack_memberships_contains_paid_content":false,"footnotes":"","jetpack_publicize_message":"","jetpack_publicize_feature_enabled":true,"jetpack_social_post_already_shared":true,"jetpack_social_options":{"image_generator_settings":{"template":"highway","default_image_id":0,"font":"","enabled":false},"version":2}},"categories":[28,639],"tags":[],"class_list":["post-68539","post","type-post","status-publish","format-standard","has-post-thumbnail","hentry","category-actualidad","category-argentina"],"jetpack_publicize_connections":[],"jetpack_featured_media_url":"https:\/\/portalmovil.com.ar\/wp-content\/uploads\/2022\/08\/2d0180a8-8d2b-4b7d-8b7c-b2044ce7a72c.jpg","jetpack_sharing_enabled":true,"amp_enabled":true,"_links":{"self":[{"href":"https:\/\/portalmovil.com.ar\/index.php\/wp-json\/wp\/v2\/posts\/68539","targetHints":{"allow":["GET"]}}],"collection":[{"href":"https:\/\/portalmovil.com.ar\/index.php\/wp-json\/wp\/v2\/posts"}],"about":[{"href":"https:\/\/portalmovil.com.ar\/index.php\/wp-json\/wp\/v2\/types\/post"}],"author":[{"embeddable":true,"href":"https:\/\/portalmovil.com.ar\/index.php\/wp-json\/wp\/v2\/users\/2"}],"replies":[{"embeddable":true,"href":"https:\/\/portalmovil.com.ar\/index.php\/wp-json\/wp\/v2\/comments?post=68539"}],"version-history":[{"count":1,"href":"https:\/\/portalmovil.com.ar\/index.php\/wp-json\/wp\/v2\/posts\/68539\/revisions"}],"predecessor-version":[{"id":68540,"href":"https:\/\/portalmovil.com.ar\/index.php\/wp-json\/wp\/v2\/posts\/68539\/revisions\/68540"}],"wp:featuredmedia":[{"embeddable":true,"href":"https:\/\/portalmovil.com.ar\/index.php\/wp-json\/wp\/v2\/media\/61927"}],"wp:attachment":[{"href":"https:\/\/portalmovil.com.ar\/index.php\/wp-json\/wp\/v2\/media?parent=68539"}],"wp:term":[{"taxonomy":"category","embeddable":true,"href":"https:\/\/portalmovil.com.ar\/index.php\/wp-json\/wp\/v2\/categories?post=68539"},{"taxonomy":"post_tag","embeddable":true,"href":"https:\/\/portalmovil.com.ar\/index.php\/wp-json\/wp\/v2\/tags?post=68539"}],"curies":[{"name":"wp","href":"https:\/\/api.w.org\/{rel}","templated":true}]}}