{"id":68536,"date":"2022-12-21T19:09:57","date_gmt":"2022-12-21T22:09:57","guid":{"rendered":"https:\/\/portalmovil.com.ar\/?p=68536"},"modified":"2022-12-21T19:10:00","modified_gmt":"2022-12-21T22:10:00","slug":"a-que-hora-cerraran-los-comercios-el-24-y-el-31","status":"publish","type":"post","link":"https:\/\/portalmovil.com.ar\/index.php\/2022\/12\/21\/a-que-hora-cerraran-los-comercios-el-24-y-el-31\/","title":{"rendered":"\u00bfA qu\u00e9 hora cerrar\u00e1n los comercios el 24 y el 31?"},"content":{"rendered":"\n<p>La C\u00e1mara de Comercio de Resistencia y el Sindicato de los Empleados de Comercio (CEC) acordaron hoy el horario de cierre de locales para los d\u00edas 24 y 31 de diciembre, v\u00edsperas de Navidad y A\u00f1o Nuevo respectivamente.<\/p>\n\n\n\n<p>Seg\u00fan lo convenido, a las 19 horas se cerrar\u00e1n las puertas de los comercios, atendiendo a quienes se encuentren dentro finalizando sus compras y as\u00ed, poder permitir que los empleados se unan a la celebraci\u00f3n de estas fiestas de fin de a\u00f1o en familia.<\/p>\n\n\n\n<p>El horario de cierre surge de la negociaci\u00f3n entre las partes, el presidente de la c\u00e1mara, Iv\u00e1n Bonzi, y el secretario general del sindicato, Roque Shulz, que bregan por los intereses de sus asociados.&nbsp;<\/p>\n\n\n\n<p>En este sentido, Bonzi valor\u00f3: \u00abEste acuerdo es muy importante dado que para los comerciantes son d\u00edas claves para la venta. Por lo tanto, agradecemos la predisposici\u00f3n y di\u00e1logo del CEC\u00bb.<\/p>\n\n\n\n<p>Asimismo, siendo que ambas fechas son d\u00edas laborables para el comercio, el presidente de la C\u00e1mara recuerda que queda a criterio de cada empresa establecer la modalidad y horarios de atenci\u00f3n, invitando a los socios de la entidad a sumarse a la propuesta realizada.<\/p>\n\n\n\n<p>Para finalizar, el empresario realiz\u00f3 un llamado a los consumidores: \u00abLe pedimos que realicen sus compras con anticipaci\u00f3n para poder ser atendidos de la mejor manera como se merecen, y de esta manera, tengamos jornadas festivas organizadas\u00bb.<\/p>\n","protected":false},"excerpt":{"rendered":"<p>La C\u00e1mara de Comercio de Resistencia y el Sindicato de los Empleados de Comercio (CEC) acordaron hoy el horario de cierre de locales para los d\u00edas 24 y 31 de diciembre, v\u00edsperas de Navidad y A\u00f1o Nuevo respectivamente. Seg\u00fan lo convenido, a las 19 horas se cerrar\u00e1n las puertas de los comercios, atendiendo a quienes &hellip;<\/p>\n","protected":false},"author":2,"featured_media":68537,"comment_status":"open","ping_status":"open","sticky":false,"template":"","format":"standard","meta":{"_jetpack_memberships_contains_paid_content":false,"footnotes":"","jetpack_publicize_message":"","jetpack_publicize_feature_enabled":true,"jetpack_social_post_already_shared":true,"jetpack_social_options":{"image_generator_settings":{"template":"highway","default_image_id":0,"font":"","enabled":false},"version":2}},"categories":[28,5],"tags":[],"class_list":["post-68536","post","type-post","status-publish","format-standard","has-post-thumbnail","hentry","category-actualidad","category-chaco"],"jetpack_publicize_connections":[],"jetpack_featured_media_url":"https:\/\/portalmovil.com.ar\/wp-content\/uploads\/2022\/12\/comercios-bf9-740x445-1.jpg","jetpack_sharing_enabled":true,"amp_enabled":true,"_links":{"self":[{"href":"https:\/\/portalmovil.com.ar\/index.php\/wp-json\/wp\/v2\/posts\/68536","targetHints":{"allow":["GET"]}}],"collection":[{"href":"https:\/\/portalmovil.com.ar\/index.php\/wp-json\/wp\/v2\/posts"}],"about":[{"href":"https:\/\/portalmovil.com.ar\/index.php\/wp-json\/wp\/v2\/types\/post"}],"author":[{"embeddable":true,"href":"https:\/\/portalmovil.com.ar\/index.php\/wp-json\/wp\/v2\/users\/2"}],"replies":[{"embeddable":true,"href":"https:\/\/portalmovil.com.ar\/index.php\/wp-json\/wp\/v2\/comments?post=68536"}],"version-history":[{"count":1,"href":"https:\/\/portalmovil.com.ar\/index.php\/wp-json\/wp\/v2\/posts\/68536\/revisions"}],"predecessor-version":[{"id":68538,"href":"https:\/\/portalmovil.com.ar\/index.php\/wp-json\/wp\/v2\/posts\/68536\/revisions\/68538"}],"wp:featuredmedia":[{"embeddable":true,"href":"https:\/\/portalmovil.com.ar\/index.php\/wp-json\/wp\/v2\/media\/68537"}],"wp:attachment":[{"href":"https:\/\/portalmovil.com.ar\/index.php\/wp-json\/wp\/v2\/media?parent=68536"}],"wp:term":[{"taxonomy":"category","embeddable":true,"href":"https:\/\/portalmovil.com.ar\/index.php\/wp-json\/wp\/v2\/categories?post=68536"},{"taxonomy":"post_tag","embeddable":true,"href":"https:\/\/portalmovil.com.ar\/index.php\/wp-json\/wp\/v2\/tags?post=68536"}],"curies":[{"name":"wp","href":"https:\/\/api.w.org\/{rel}","templated":true}]}}