{"id":68464,"date":"2022-12-20T18:56:18","date_gmt":"2022-12-20T21:56:18","guid":{"rendered":"https:\/\/portalmovil.com.ar\/?p=68464"},"modified":"2022-12-20T18:56:23","modified_gmt":"2022-12-20T21:56:23","slug":"los-mercados-de-la-ciudad-llegan-este-miercoles-a-la-plaza-de-la-integracion","status":"publish","type":"post","link":"https:\/\/portalmovil.com.ar\/index.php\/2022\/12\/20\/los-mercados-de-la-ciudad-llegan-este-miercoles-a-la-plaza-de-la-integracion\/","title":{"rendered":"Los \u201cMercados de la Ciudad\u201d llegan este mi\u00e9rcoles a la Plaza de la Integraci\u00f3n"},"content":{"rendered":"\n<p>Este mi\u00e9rcoles 21 habr\u00e1 una nueva jornada del programa municipal \u201cMercados de la Ciudad en tu Barrio\u201d. Ser\u00e1 en la Plaza de la Integraci\u00f3n, ubicada en la intersecci\u00f3n de las avenidas Espa\u00f1a y 9 de Julio, de 8 a 11:30.<\/p>\n\n\n\n<p>El objetivo del Municipio es promover la autogesti\u00f3n, generando condiciones que favorezcan a los emprendedores para que puedan comercializar sus productos y servicios. Entre las ofertas a exponer hay carnes, verduras, envasados, frutas, panificados y productos de granja. La iniciativa, impulsada por el municipio de Resistencia, se convirti\u00f3 en un espacio de alta aceptaci\u00f3n de la comunidad que asiste a los distintos puntos donde se presenta, aprovechando la variedad de precios y productos ofertados.<\/p>\n","protected":false},"excerpt":{"rendered":"<p>Este mi\u00e9rcoles 21 habr\u00e1 una nueva jornada del programa municipal \u201cMercados de la Ciudad en tu Barrio\u201d. Ser\u00e1 en la Plaza de la Integraci\u00f3n, ubicada en la intersecci\u00f3n de las avenidas Espa\u00f1a y 9 de Julio, de 8 a 11:30. El objetivo del Municipio es promover la autogesti\u00f3n, generando condiciones que favorezcan a los emprendedores &hellip;<\/p>\n","protected":false},"author":2,"featured_media":68465,"comment_status":"open","ping_status":"open","sticky":false,"template":"","format":"standard","meta":{"_jetpack_memberships_contains_paid_content":false,"footnotes":"","jetpack_publicize_message":"","jetpack_publicize_feature_enabled":true,"jetpack_social_post_already_shared":true,"jetpack_social_options":{"image_generator_settings":{"template":"highway","default_image_id":0,"font":"","enabled":false},"version":2}},"categories":[37],"tags":[],"class_list":["post-68464","post","type-post","status-publish","format-standard","has-post-thumbnail","hentry","category-resistencia"],"jetpack_publicize_connections":[],"jetpack_featured_media_url":"https:\/\/portalmovil.com.ar\/wp-content\/uploads\/2022\/12\/63a2173801107663689211.jpg","jetpack_sharing_enabled":true,"amp_enabled":true,"_links":{"self":[{"href":"https:\/\/portalmovil.com.ar\/index.php\/wp-json\/wp\/v2\/posts\/68464","targetHints":{"allow":["GET"]}}],"collection":[{"href":"https:\/\/portalmovil.com.ar\/index.php\/wp-json\/wp\/v2\/posts"}],"about":[{"href":"https:\/\/portalmovil.com.ar\/index.php\/wp-json\/wp\/v2\/types\/post"}],"author":[{"embeddable":true,"href":"https:\/\/portalmovil.com.ar\/index.php\/wp-json\/wp\/v2\/users\/2"}],"replies":[{"embeddable":true,"href":"https:\/\/portalmovil.com.ar\/index.php\/wp-json\/wp\/v2\/comments?post=68464"}],"version-history":[{"count":1,"href":"https:\/\/portalmovil.com.ar\/index.php\/wp-json\/wp\/v2\/posts\/68464\/revisions"}],"predecessor-version":[{"id":68466,"href":"https:\/\/portalmovil.com.ar\/index.php\/wp-json\/wp\/v2\/posts\/68464\/revisions\/68466"}],"wp:featuredmedia":[{"embeddable":true,"href":"https:\/\/portalmovil.com.ar\/index.php\/wp-json\/wp\/v2\/media\/68465"}],"wp:attachment":[{"href":"https:\/\/portalmovil.com.ar\/index.php\/wp-json\/wp\/v2\/media?parent=68464"}],"wp:term":[{"taxonomy":"category","embeddable":true,"href":"https:\/\/portalmovil.com.ar\/index.php\/wp-json\/wp\/v2\/categories?post=68464"},{"taxonomy":"post_tag","embeddable":true,"href":"https:\/\/portalmovil.com.ar\/index.php\/wp-json\/wp\/v2\/tags?post=68464"}],"curies":[{"name":"wp","href":"https:\/\/api.w.org\/{rel}","templated":true}]}}