{"id":68340,"date":"2022-12-17T10:40:28","date_gmt":"2022-12-17T13:40:28","guid":{"rendered":"https:\/\/portalmovil.com.ar\/?p=68340"},"modified":"2022-12-17T10:40:31","modified_gmt":"2022-12-17T13:40:31","slug":"advierten-una-nueva-suba-de-casos-de-covid-19-en-chaco","status":"publish","type":"post","link":"https:\/\/portalmovil.com.ar\/index.php\/2022\/12\/17\/advierten-una-nueva-suba-de-casos-de-covid-19-en-chaco\/","title":{"rendered":"Advierten una nueva suba de casos de Covid-19 en Chaco"},"content":{"rendered":"\n<p>La Argentina experimenta desde hace semanas un fuerte aumento de casos de coronavirus. De acuerdo al \u00faltimo informe de situaci\u00f3n epidemiol\u00f3gica del Ministerio de Salud de la Naci\u00f3n, las provincias notificaron 27.119 nuevos positivos, eso significa un salto del 1688 por ciento en un mes.<\/p>\n\n\n\n<p>Las autoridades sanitarias se mantienen en alerta por dos eventos que tendr\u00e1n lugar en el pa\u00eds entre el 18 de diciembre de 2022 y el 1 de enero de 2023: los posibles festejos por la Selecci\u00f3n Argentina y las Fiestas, per\u00edodo habitual de celebraci\u00f3n entre las familias y amigos.<\/p>\n\n\n\n<p>\u201cHay circulaci\u00f3n fuerte y con los encuentros la tendencia es que suban. Afortunadamente, no se traslada a los servicios de salud\u201d, reconocen desde Salud.<\/p>\n\n\n\n<p>Un integrante del Ministerio que conduce Carla Vizzotti se mostr\u00f3 algo m\u00e1s cauto, pero reconoci\u00f3 que el pa\u00eds est\u00e1 \u201cfrente a un aumento de casos semana a semana\u201d y resalt\u00f3 la necesidad de que la ciudadan\u00eda \u201csostenga los cuidados\u201d en las Fiestas y en los momentos de alta circulaci\u00f3n viral como los actuales.<\/p>\n\n\n\n<p>En el caso particular del Chaco, el Ministerio de Salud P\u00fablica inform\u00f3 el lunes 12 de diciembre, en el habitual reporte semanal, que se registraban 153 nuevos casos de Covid-19. Eso quiere decir que hay 180.190 casos confirmados, de los cuales 79 permanecen activos en forma leve.<\/p>\n\n\n\n<p>En ese contexto, la cartera de Salud P\u00fablica del Chaco insta a la poblaci\u00f3n que contin\u00fae cumpliendo con las medidas de cuidado y bioseguridad. Adem\u00e1s, solicita completar los esquemas de vacunaci\u00f3n contra el coronavirus, acerc\u00e1ndose a las postas de inmunizaci\u00f3n distribuidas en toda la provincia, donde se encuentran disponibles desde la primera dosis hasta el segundo refuerzo.<\/p>\n\n\n\n<p>Para reportar la aparici\u00f3n de s\u00edntomas como fiebre, junto con tos, dolor de garganta, p\u00e9rdida del gusto y del olfato, v\u00f3mitos, diarrea, dificultad para respirar, dolores musculares, rinitis o congesti\u00f3n nasal, que pueden ser se\u00f1al de coronavirus, deben llamar al 0800-444-0829. Adem\u00e1s, enviando @chaco salud al 362 4300002 pueden comunicarse con un operador para informar la situaci\u00f3n y recibir recomendaciones.<\/p>\n\n\n\n<p>En Chaco es obligatorio el uso del barbijo en el transporte<br>Ante la suba de casos, el Ministerio de Salud P\u00fablica del Chaco recuerda que en la provincia rige el uso obligatorio del barbijo en el transporte p\u00fablico y en los servicios de salud. Adem\u00e1s, insta a la poblaci\u00f3n a completar los esquemas de vacunaci\u00f3n y aplicarse las dosis de refuerzo contra el coronavirus.<\/p>\n\n\n\n<p>Para esto \u00faltimo, podr\u00e1n acercarse a las postas de inmunizaci\u00f3n distribuidas en toda la provincia, donde se encuentran disponibles desde la primera dosis hasta el tercer refuerzo.<\/p>\n\n\n\n<p>\u201cAnte el incremento de casos en el pa\u00eds el Ministerio de Salud de la Naci\u00f3n recomend\u00f3 la obligatoriedad del uso del barbijo en el transporte p\u00fablico y en los servicios asistenciales. Desde Chaco ven\u00edamos sosteniendo como recomendaci\u00f3n que la persona que no tenga barbijo no pueda ingresar a un servicio de salud ni acceder a un servicio de transporte p\u00fablico\u201d, expres\u00f3 la subsecretaria de Promoci\u00f3n de la Salud, Paula Sartor.<\/p>\n\n\n\n<p>Seg\u00fan el reporte epidemiol\u00f3gico provincial, durante la \u00faltima semana, se registraron 153 nuevos casos (79 permanecen activos), sin internaciones graves ni decesos.<\/p>\n\n\n\n<p>Teniendo en cuenta estas cifras, Sartor destac\u00f3 la importancia de la campa\u00f1a de vacunaci\u00f3n como herramienta para mitigar el impacto de la pandemia. \u201cLa vacuna nos presenta un escenario donde actualmente no tenemos personas internadas ni fallecidas por Covid-19 y, por eso, es importante que el mensaje para la comunidad sea continuar vacun\u00e1ndose, completando los esquemas y aplic\u00e1ndose las dosis adicionales y los refuerzos que est\u00e1n disponibles en toda la provincia\u201d, subray\u00f3.<\/p>\n","protected":false},"excerpt":{"rendered":"<p>La Argentina experimenta desde hace semanas un fuerte aumento de casos de coronavirus. De acuerdo al \u00faltimo informe de situaci\u00f3n epidemiol\u00f3gica del Ministerio de Salud de la Naci\u00f3n, las provincias notificaron 27.119 nuevos positivos, eso significa un salto del 1688 por ciento en un mes. Las autoridades sanitarias se mantienen en alerta por dos eventos &hellip;<\/p>\n","protected":false},"author":2,"featured_media":23228,"comment_status":"open","ping_status":"open","sticky":false,"template":"","format":"standard","meta":{"_jetpack_memberships_contains_paid_content":false,"footnotes":"","jetpack_publicize_message":"","jetpack_publicize_feature_enabled":true,"jetpack_social_post_already_shared":true,"jetpack_social_options":{"image_generator_settings":{"template":"highway","default_image_id":0,"font":"","enabled":false},"version":2}},"categories":[5,46],"tags":[],"class_list":["post-68340","post","type-post","status-publish","format-standard","has-post-thumbnail","hentry","category-chaco","category-salud"],"jetpack_publicize_connections":[],"jetpack_featured_media_url":"https:\/\/portalmovil.com.ar\/wp-content\/uploads\/2021\/03\/164807554_3972021776196823_1097847516209841496_n.jpg","jetpack_sharing_enabled":true,"amp_enabled":true,"_links":{"self":[{"href":"https:\/\/portalmovil.com.ar\/index.php\/wp-json\/wp\/v2\/posts\/68340","targetHints":{"allow":["GET"]}}],"collection":[{"href":"https:\/\/portalmovil.com.ar\/index.php\/wp-json\/wp\/v2\/posts"}],"about":[{"href":"https:\/\/portalmovil.com.ar\/index.php\/wp-json\/wp\/v2\/types\/post"}],"author":[{"embeddable":true,"href":"https:\/\/portalmovil.com.ar\/index.php\/wp-json\/wp\/v2\/users\/2"}],"replies":[{"embeddable":true,"href":"https:\/\/portalmovil.com.ar\/index.php\/wp-json\/wp\/v2\/comments?post=68340"}],"version-history":[{"count":1,"href":"https:\/\/portalmovil.com.ar\/index.php\/wp-json\/wp\/v2\/posts\/68340\/revisions"}],"predecessor-version":[{"id":68341,"href":"https:\/\/portalmovil.com.ar\/index.php\/wp-json\/wp\/v2\/posts\/68340\/revisions\/68341"}],"wp:featuredmedia":[{"embeddable":true,"href":"https:\/\/portalmovil.com.ar\/index.php\/wp-json\/wp\/v2\/media\/23228"}],"wp:attachment":[{"href":"https:\/\/portalmovil.com.ar\/index.php\/wp-json\/wp\/v2\/media?parent=68340"}],"wp:term":[{"taxonomy":"category","embeddable":true,"href":"https:\/\/portalmovil.com.ar\/index.php\/wp-json\/wp\/v2\/categories?post=68340"},{"taxonomy":"post_tag","embeddable":true,"href":"https:\/\/portalmovil.com.ar\/index.php\/wp-json\/wp\/v2\/tags?post=68340"}],"curies":[{"name":"wp","href":"https:\/\/api.w.org\/{rel}","templated":true}]}}