{"id":68297,"date":"2022-12-16T16:28:35","date_gmt":"2022-12-16T19:28:35","guid":{"rendered":"https:\/\/portalmovil.com.ar\/?p=68297"},"modified":"2022-12-16T16:28:39","modified_gmt":"2022-12-16T19:28:39","slug":"dictaran-capacitaciones-para-motociclistas-donde-se-entregaran-cascos-y-chalecos-gratuitos","status":"publish","type":"post","link":"https:\/\/portalmovil.com.ar\/index.php\/2022\/12\/16\/dictaran-capacitaciones-para-motociclistas-donde-se-entregaran-cascos-y-chalecos-gratuitos\/","title":{"rendered":"Dictar\u00e1n capacitaciones para motociclistas donde se entregar\u00e1n cascos y chalecos gratuitos"},"content":{"rendered":"\n<p>El Municipio de Resistencia se sum\u00f3 al programa \u201cCasco Siempre\u201d, a trav\u00e9s de la firma de un convenio con la Agencia Nacional de Seguridad Vial. Se dictar\u00e1n capacitaciones sobre conducci\u00f3n segura donde entregar\u00e1n cascos y chalecos a quienes asistan.<\/p>\n\n\n\n<p>El municipio de Resistencia dio este jueves un nuevo paso en la b\u00fasqueda de herramientas para mejorar las condiciones del tr\u00e1nsito y, particularmente, la seguridad de los motociclistas.<\/p>\n\n\n\n<p>En ese marco se firm\u00f3 un convenio con la Agencia Nacional de Seguridad Vial para implementar el programa \u201cCasco Siempre\u201d, una iniciativa que impulsa la generaci\u00f3n de capacitadores locales para la ense\u00f1anza de conducci\u00f3n segura, t\u00e9cnicas de frenado y dem\u00e1s herramientas pr\u00e1cticas y te\u00f3ricas para mejorar el desempe\u00f1o del desmedido parque motocicl\u00edstico que circula por la ciudad.<\/p>\n\n\n\n<p>De la r\u00fabrica particip\u00f3 el secretario de Gobierno municipal, Hugo Acevedo, junto al subsecretario de Tr\u00e1nsito y Seguridad Ciudadana de Resistencia, Mat\u00edas Breard; el jefe de \u00c1rea Motoveh\u00edculos de la Agencia Nacional, Jorge Rubino y el director Nacional de Coordinaci\u00f3n Interjurisdiccional, Mart\u00edn El Tahham.<\/p>\n\n\n\n<p>Si bien estos nuevos contenidos profundizar\u00e1n el nivel de exigencia para quienes tomen por primera vez su prueba de idoneidad conductiva; la idea es avanzar en la capacitaci\u00f3n de grupos que ya circulan por la ciudad. Para ello, las autoridades nacionales ya dejaron los primeros 500 cascos y chalecos que ser\u00e1n entregados a cada motociclista que se acerque a los cursos que se ir\u00e1n convocando oportunamente.<\/p>\n\n\n\n<p>Al respecto, Breard, ratific\u00f3 los lineamientos dispuestos por el intendente Gustavo Mart\u00ednez para buscar todos los recursos que permitan mejorar el tr\u00e1nsito en la ciudad: \u201cSobre todo con la mirada puesta en los motoveh\u00edculos; entendiendo la problem\u00e1tica que estamos atravesando todas las provincias del norte. Este plan federal tiene ese objetivo, poder generar educadores que transmitan las t\u00e9cnicas de conducci\u00f3n segura y de esa manera ir avanzando en la educaci\u00f3n y en la correcta utilizaci\u00f3n del motoveh\u00edculo\u201d, dijo.<\/p>\n\n\n\n<p>Rubino, destac\u00f3 el compromiso demostrado por los agentes y autoridades locales durante estos d\u00edas de trabajo. \u201cLo que impresiona de la ciudad es la cantidad de motos; uno lo ve a partir de las estad\u00edsticas, ustedes tuvieron el a\u00f1o pasado 37 motociclistas fallecidos en un a\u00f1o, que es una enormidad, son 37 m\u00e1s que lo debido en todo caso\u201d, opin\u00f3.<\/p>\n\n\n\n<p>En ese sentido, remarc\u00f3 que se ha trabajado mucho \u201ccon la Direcci\u00f3n de Educaci\u00f3n Vial. Llevamos ya varios d\u00edas trabajando con ellos presencialmente, con mucho compromiso han estado haciendo capacitaciones pr\u00e1cticas con nosotros en el aut\u00f3dromo, dos veces por d\u00eda, y van a continuar ellos la tarea que nosotros impulsamos\u201d, insisti\u00f3.<\/p>\n","protected":false},"excerpt":{"rendered":"<p>El Municipio de Resistencia se sum\u00f3 al programa \u201cCasco Siempre\u201d, a trav\u00e9s de la firma de un convenio con la Agencia Nacional de Seguridad Vial. Se dictar\u00e1n capacitaciones sobre conducci\u00f3n segura donde entregar\u00e1n cascos y chalecos a quienes asistan. El municipio de Resistencia dio este jueves un nuevo paso en la b\u00fasqueda de herramientas para &hellip;<\/p>\n","protected":false},"author":2,"featured_media":68298,"comment_status":"open","ping_status":"open","sticky":false,"template":"","format":"standard","meta":{"_jetpack_memberships_contains_paid_content":false,"footnotes":"","jetpack_publicize_message":"","jetpack_publicize_feature_enabled":true,"jetpack_social_post_already_shared":true,"jetpack_social_options":{"image_generator_settings":{"template":"highway","default_image_id":0,"font":"","enabled":false},"version":2}},"categories":[37,3],"tags":[],"class_list":["post-68297","post","type-post","status-publish","format-standard","has-post-thumbnail","hentry","category-resistencia","category-sociedad"],"jetpack_publicize_connections":[],"jetpack_featured_media_url":"https:\/\/portalmovil.com.ar\/wp-content\/uploads\/2022\/12\/240114305_6311393138878606_715974830701128506_n.jpg","jetpack_sharing_enabled":true,"amp_enabled":true,"_links":{"self":[{"href":"https:\/\/portalmovil.com.ar\/index.php\/wp-json\/wp\/v2\/posts\/68297","targetHints":{"allow":["GET"]}}],"collection":[{"href":"https:\/\/portalmovil.com.ar\/index.php\/wp-json\/wp\/v2\/posts"}],"about":[{"href":"https:\/\/portalmovil.com.ar\/index.php\/wp-json\/wp\/v2\/types\/post"}],"author":[{"embeddable":true,"href":"https:\/\/portalmovil.com.ar\/index.php\/wp-json\/wp\/v2\/users\/2"}],"replies":[{"embeddable":true,"href":"https:\/\/portalmovil.com.ar\/index.php\/wp-json\/wp\/v2\/comments?post=68297"}],"version-history":[{"count":1,"href":"https:\/\/portalmovil.com.ar\/index.php\/wp-json\/wp\/v2\/posts\/68297\/revisions"}],"predecessor-version":[{"id":68299,"href":"https:\/\/portalmovil.com.ar\/index.php\/wp-json\/wp\/v2\/posts\/68297\/revisions\/68299"}],"wp:featuredmedia":[{"embeddable":true,"href":"https:\/\/portalmovil.com.ar\/index.php\/wp-json\/wp\/v2\/media\/68298"}],"wp:attachment":[{"href":"https:\/\/portalmovil.com.ar\/index.php\/wp-json\/wp\/v2\/media?parent=68297"}],"wp:term":[{"taxonomy":"category","embeddable":true,"href":"https:\/\/portalmovil.com.ar\/index.php\/wp-json\/wp\/v2\/categories?post=68297"},{"taxonomy":"post_tag","embeddable":true,"href":"https:\/\/portalmovil.com.ar\/index.php\/wp-json\/wp\/v2\/tags?post=68297"}],"curies":[{"name":"wp","href":"https:\/\/api.w.org\/{rel}","templated":true}]}}