{"id":68282,"date":"2022-12-16T11:16:49","date_gmt":"2022-12-16T14:16:49","guid":{"rendered":"https:\/\/portalmovil.com.ar\/?p=68282"},"modified":"2022-12-16T11:16:53","modified_gmt":"2022-12-16T14:16:53","slug":"resistencia-confirmo-que-las-elecciones-municipales-seran-el-17-de-septiembre","status":"publish","type":"post","link":"https:\/\/portalmovil.com.ar\/index.php\/2022\/12\/16\/resistencia-confirmo-que-las-elecciones-municipales-seran-el-17-de-septiembre\/","title":{"rendered":"Resistencia confirm\u00f3 que las elecciones municipales ser\u00e1n el 17 de septiembre"},"content":{"rendered":"\n<p>El intendente Gustavo Mart\u00ednez confirm\u00f3 que Resistencia tendr\u00e1 sus elecciones municipales el mismo 17 de septiembre del 2023. \u201cCreo que es muy importante hacer una sola elecci\u00f3n, nosotros lo planteamos desde el inicio y la elecci\u00f3n municipal va a ser el mismo d\u00eda\u201d, dijo el jefe comunal.<\/p>\n\n\n\n<p>Esta decisi\u00f3n del municipio capitalino responde a dos razones que explic\u00f3 Mart\u00ednez:&nbsp;\u201cPrimero hay una cuesti\u00f3n de desgaste de la pol\u00edtica en general, y ac\u00e1 no quiero que nadie se sienta tocado, pero tenemos que tener la altura de reconocer que la gente est\u00e1 un poco cansada de los pol\u00edticos porque en muchos casos no los ve como el medio para resolver sus problemas. Segundo, hay que tener en cuenta el gasto que genera cada elecci\u00f3n porque el Estado tiene que invertir en la seguridad, en el traslado de las urnas, en el uso de los lugares de votaci\u00f3n, el pago del costo de impresi\u00f3n de los votos, los vouchers de publicidad en los medios de comunicaci\u00f3n para cada candidato, entre otros recursos que se ponen a disposici\u00f3n\u201d.<\/p>\n\n\n\n<p>Vale recordar que la definici\u00f3n del d\u00eda de elecciones para el 2023 fue comunicado ayer a trav\u00e9s de la cuenta de Twitter del gobernador Jorge Capitanich, quien hizo p\u00fablico el&nbsp;Decreto 3087\/2022, que establece las elecciones generales a gobernador, vicegobernador y 16 bancas de la C\u00e1mara de Diputados para el d\u00eda 17 de septiembre.&nbsp;&nbsp;<\/p>\n","protected":false},"excerpt":{"rendered":"<p>El intendente Gustavo Mart\u00ednez confirm\u00f3 que Resistencia tendr\u00e1 sus elecciones municipales el mismo 17 de septiembre del 2023. \u201cCreo que es muy importante hacer una sola elecci\u00f3n, nosotros lo planteamos desde el inicio y la elecci\u00f3n municipal va a ser el mismo d\u00eda\u201d, dijo el jefe comunal. Esta decisi\u00f3n del municipio capitalino responde a dos &hellip;<\/p>\n","protected":false},"author":2,"featured_media":68283,"comment_status":"open","ping_status":"open","sticky":false,"template":"","format":"standard","meta":{"_jetpack_memberships_contains_paid_content":false,"footnotes":"","jetpack_publicize_message":"","jetpack_publicize_feature_enabled":true,"jetpack_social_post_already_shared":true,"jetpack_social_options":{"image_generator_settings":{"template":"highway","default_image_id":0,"font":"","enabled":false},"version":2}},"categories":[14,37],"tags":[],"class_list":["post-68282","post","type-post","status-publish","format-standard","has-post-thumbnail","hentry","category-politica","category-resistencia"],"jetpack_publicize_connections":[],"jetpack_featured_media_url":"https:\/\/portalmovil.com.ar\/wp-content\/uploads\/2022\/12\/316798908_713205126822758_2041582361998359141_n.jpg","jetpack_sharing_enabled":true,"amp_enabled":true,"_links":{"self":[{"href":"https:\/\/portalmovil.com.ar\/index.php\/wp-json\/wp\/v2\/posts\/68282","targetHints":{"allow":["GET"]}}],"collection":[{"href":"https:\/\/portalmovil.com.ar\/index.php\/wp-json\/wp\/v2\/posts"}],"about":[{"href":"https:\/\/portalmovil.com.ar\/index.php\/wp-json\/wp\/v2\/types\/post"}],"author":[{"embeddable":true,"href":"https:\/\/portalmovil.com.ar\/index.php\/wp-json\/wp\/v2\/users\/2"}],"replies":[{"embeddable":true,"href":"https:\/\/portalmovil.com.ar\/index.php\/wp-json\/wp\/v2\/comments?post=68282"}],"version-history":[{"count":1,"href":"https:\/\/portalmovil.com.ar\/index.php\/wp-json\/wp\/v2\/posts\/68282\/revisions"}],"predecessor-version":[{"id":68284,"href":"https:\/\/portalmovil.com.ar\/index.php\/wp-json\/wp\/v2\/posts\/68282\/revisions\/68284"}],"wp:featuredmedia":[{"embeddable":true,"href":"https:\/\/portalmovil.com.ar\/index.php\/wp-json\/wp\/v2\/media\/68283"}],"wp:attachment":[{"href":"https:\/\/portalmovil.com.ar\/index.php\/wp-json\/wp\/v2\/media?parent=68282"}],"wp:term":[{"taxonomy":"category","embeddable":true,"href":"https:\/\/portalmovil.com.ar\/index.php\/wp-json\/wp\/v2\/categories?post=68282"},{"taxonomy":"post_tag","embeddable":true,"href":"https:\/\/portalmovil.com.ar\/index.php\/wp-json\/wp\/v2\/tags?post=68282"}],"curies":[{"name":"wp","href":"https:\/\/api.w.org\/{rel}","templated":true}]}}