{"id":68172,"date":"2022-12-14T13:41:22","date_gmt":"2022-12-14T16:41:22","guid":{"rendered":"https:\/\/portalmovil.com.ar\/?p=68172"},"modified":"2022-12-14T13:41:25","modified_gmt":"2022-12-14T16:41:25","slug":"resistencia-detuvieron-a-dos-policias-del-c-o-m-acusados-de-abuso-sexual-a-una-joven","status":"publish","type":"post","link":"https:\/\/portalmovil.com.ar\/index.php\/2022\/12\/14\/resistencia-detuvieron-a-dos-policias-del-c-o-m-acusados-de-abuso-sexual-a-una-joven\/","title":{"rendered":"Resistencia: detuvieron a dos polic\u00edas del C.O.M acusados de abuso sexual a una joven"},"content":{"rendered":"\n<p>El pasado 25 de noviembre se conoci\u00f3 la denuncia realizada por una joven de 23 a\u00f1os contra dos integrantes de la Polic\u00eda del Chaco por un supuesto abuso sexual. A ra\u00edz de esto comenz\u00f3 la investigaci\u00f3n que deriv\u00f3 hoy en la detenci\u00f3n de ambos.&nbsp;<\/p>\n\n\n\n<p>La detenci\u00f3n estuvo a cargo de la Fiscal\u00eda N\u00b0 1 seg\u00fan detallaron fuentes judiciales a Diario Chaco.&nbsp;<\/p>\n","protected":false},"excerpt":{"rendered":"<p>El pasado 25 de noviembre se conoci\u00f3 la denuncia realizada por una joven de 23 a\u00f1os contra dos integrantes de la Polic\u00eda del Chaco por un supuesto abuso sexual. A ra\u00edz de esto comenz\u00f3 la investigaci\u00f3n que deriv\u00f3 hoy en la detenci\u00f3n de ambos.&nbsp; La detenci\u00f3n estuvo a cargo de la Fiscal\u00eda N\u00b0 1 seg\u00fan &hellip;<\/p>\n","protected":false},"author":2,"featured_media":19252,"comment_status":"open","ping_status":"open","sticky":false,"template":"","format":"standard","meta":{"_jetpack_memberships_contains_paid_content":false,"footnotes":"","jetpack_publicize_message":"","jetpack_publicize_feature_enabled":true,"jetpack_social_post_already_shared":true,"jetpack_social_options":{"image_generator_settings":{"template":"highway","default_image_id":0,"font":"","enabled":false},"version":2}},"categories":[8,37],"tags":[],"class_list":["post-68172","post","type-post","status-publish","format-standard","has-post-thumbnail","hentry","category-policiales","category-resistencia"],"jetpack_publicize_connections":[],"jetpack_featured_media_url":"https:\/\/portalmovil.com.ar\/wp-content\/uploads\/2021\/01\/92721108_624763581589017_3869965395704152064_n.jpg","jetpack_sharing_enabled":true,"amp_enabled":true,"_links":{"self":[{"href":"https:\/\/portalmovil.com.ar\/index.php\/wp-json\/wp\/v2\/posts\/68172","targetHints":{"allow":["GET"]}}],"collection":[{"href":"https:\/\/portalmovil.com.ar\/index.php\/wp-json\/wp\/v2\/posts"}],"about":[{"href":"https:\/\/portalmovil.com.ar\/index.php\/wp-json\/wp\/v2\/types\/post"}],"author":[{"embeddable":true,"href":"https:\/\/portalmovil.com.ar\/index.php\/wp-json\/wp\/v2\/users\/2"}],"replies":[{"embeddable":true,"href":"https:\/\/portalmovil.com.ar\/index.php\/wp-json\/wp\/v2\/comments?post=68172"}],"version-history":[{"count":1,"href":"https:\/\/portalmovil.com.ar\/index.php\/wp-json\/wp\/v2\/posts\/68172\/revisions"}],"predecessor-version":[{"id":68173,"href":"https:\/\/portalmovil.com.ar\/index.php\/wp-json\/wp\/v2\/posts\/68172\/revisions\/68173"}],"wp:featuredmedia":[{"embeddable":true,"href":"https:\/\/portalmovil.com.ar\/index.php\/wp-json\/wp\/v2\/media\/19252"}],"wp:attachment":[{"href":"https:\/\/portalmovil.com.ar\/index.php\/wp-json\/wp\/v2\/media?parent=68172"}],"wp:term":[{"taxonomy":"category","embeddable":true,"href":"https:\/\/portalmovil.com.ar\/index.php\/wp-json\/wp\/v2\/categories?post=68172"},{"taxonomy":"post_tag","embeddable":true,"href":"https:\/\/portalmovil.com.ar\/index.php\/wp-json\/wp\/v2\/tags?post=68172"}],"curies":[{"name":"wp","href":"https:\/\/api.w.org\/{rel}","templated":true}]}}