{"id":68170,"date":"2022-12-14T12:03:12","date_gmt":"2022-12-14T15:03:12","guid":{"rendered":"https:\/\/portalmovil.com.ar\/?p=68170"},"modified":"2022-12-14T12:03:15","modified_gmt":"2022-12-14T15:03:15","slug":"alberto-fernandez-vamos-a-ganar-unidos-por-el-bien-de-la-argentina","status":"publish","type":"post","link":"https:\/\/portalmovil.com.ar\/index.php\/2022\/12\/14\/alberto-fernandez-vamos-a-ganar-unidos-por-el-bien-de-la-argentina\/","title":{"rendered":"Alberto Fern\u00e1ndez: \u00abVamos a ganar unidos por el bien de la Argentina\u00bb"},"content":{"rendered":"\n<p>El presidente<strong>\u00a0Alberto Fern\u00e1ndez<\/strong>\u00a0asegur\u00f3 este mi\u00e9rcoles que\u00a0se pondr\u00e1 \u00abal frente\u00bb de la discusi\u00f3n pol\u00edtica para que \u00abel presidente o la presidenta\u00bb que asuma en diciembre de 2023, tras el proceso electoral del a\u00f1o pr\u00f3ximo, sea del Frente de Todos\u00a0y no parte de quienes \u00abentregaron al pa\u00eds y lo pusieron de rodillas\u00bb en referencia al gobierno de\u00a0<strong>Mauricio Macri<\/strong>, de Juntos por el Cambio.<\/p>\n\n\n\n<p>\u00abLes garantizo a todos que me voy a poner al frente de todos nosotros sin exclusi\u00f3n para que, en diciembre de 2023, el presidente o presidenta que asuma sea uno de nosotros.\u00a0No voy a permitir que, otra vez, los que han entregado el pa\u00eds y lo han puesto de rodillas, vuelvan a hacerse cargo de una Argentina que le sirva a pocos\u00bb, dijo el mandatario al encabezar el acto oficial por los tres a\u00f1os de gesti\u00f3n de Gobierno en el Parque Col\u00f3n.<\/p>\n\n\n\n<p>Y advirti\u00f3: \u00abMuchos dicen que soy un Presidente timorato, que no ejerce el liderazgo. Pero yo creo que&nbsp;el liderazgo no se ejerce ni gritando ni golpeando la mesa, sino convenciendo a todos\u00bb.<\/p>\n\n\n\n<p>En ese marco el mandatario se\u00f1al\u00f3 adem\u00e1s que su gesti\u00f3n \u00abnunca va a dejar de lado la asistencia del Estado a quien la necesite\u00bb y aclar\u00f3 que lo que se busca es que esa ayuda \u00abno vaya a quien no la necesita\u00bb.<\/p>\n\n\n\n<p>\u00abM\u00e1s all\u00e1 de lo que escriban los diarios, nunca vamos a dejar de lado la asistencia a quien la necesite, pero vamos a hacerlo bien. No queremos que esa asistencia vaya a quien no la necesita\u00bb, dijo.<\/p>\n\n\n\n<p>Alberto Fern\u00e1ndez renov\u00f3 adem\u00e1s sus cuestionamientos a parte del Poder Judicial y pidi\u00f3 que esos sectores \u00abno anden en el Lago Escondido sino que se haga justicia\u00bb.<\/p>\n\n\n\n<p>\u00abPara nosotros, la Rep\u00fablica es valor. Tiene que funcionar bien el Poder Judicial, que no ande en el Lago Escondido sino que haga justicia\u00bb, dijo el mandatario.<\/p>\n","protected":false},"excerpt":{"rendered":"<p>El presidente\u00a0Alberto Fern\u00e1ndez\u00a0asegur\u00f3 este mi\u00e9rcoles que\u00a0se pondr\u00e1 \u00abal frente\u00bb de la discusi\u00f3n pol\u00edtica para que \u00abel presidente o la presidenta\u00bb que asuma en diciembre de 2023, tras el proceso electoral del a\u00f1o pr\u00f3ximo, sea del Frente de Todos\u00a0y no parte de quienes \u00abentregaron al pa\u00eds y lo pusieron de rodillas\u00bb en referencia al gobierno de\u00a0Mauricio &hellip;<\/p>\n","protected":false},"author":2,"featured_media":66449,"comment_status":"open","ping_status":"open","sticky":false,"template":"","format":"standard","meta":{"_jetpack_memberships_contains_paid_content":false,"footnotes":"","jetpack_publicize_message":"","jetpack_publicize_feature_enabled":true,"jetpack_social_post_already_shared":true,"jetpack_social_options":{"image_generator_settings":{"template":"highway","default_image_id":0,"font":"","enabled":false},"version":2}},"categories":[639,14,12],"tags":[],"class_list":["post-68170","post","type-post","status-publish","format-standard","has-post-thumbnail","hentry","category-argentina","category-politica","category-ultimo"],"jetpack_publicize_connections":[],"jetpack_featured_media_url":"https:\/\/portalmovil.com.ar\/wp-content\/uploads\/2022\/11\/b05dec75-28a1-4070-a858-e9f2bc55e411.jpg","jetpack_sharing_enabled":true,"amp_enabled":true,"_links":{"self":[{"href":"https:\/\/portalmovil.com.ar\/index.php\/wp-json\/wp\/v2\/posts\/68170","targetHints":{"allow":["GET"]}}],"collection":[{"href":"https:\/\/portalmovil.com.ar\/index.php\/wp-json\/wp\/v2\/posts"}],"about":[{"href":"https:\/\/portalmovil.com.ar\/index.php\/wp-json\/wp\/v2\/types\/post"}],"author":[{"embeddable":true,"href":"https:\/\/portalmovil.com.ar\/index.php\/wp-json\/wp\/v2\/users\/2"}],"replies":[{"embeddable":true,"href":"https:\/\/portalmovil.com.ar\/index.php\/wp-json\/wp\/v2\/comments?post=68170"}],"version-history":[{"count":1,"href":"https:\/\/portalmovil.com.ar\/index.php\/wp-json\/wp\/v2\/posts\/68170\/revisions"}],"predecessor-version":[{"id":68171,"href":"https:\/\/portalmovil.com.ar\/index.php\/wp-json\/wp\/v2\/posts\/68170\/revisions\/68171"}],"wp:featuredmedia":[{"embeddable":true,"href":"https:\/\/portalmovil.com.ar\/index.php\/wp-json\/wp\/v2\/media\/66449"}],"wp:attachment":[{"href":"https:\/\/portalmovil.com.ar\/index.php\/wp-json\/wp\/v2\/media?parent=68170"}],"wp:term":[{"taxonomy":"category","embeddable":true,"href":"https:\/\/portalmovil.com.ar\/index.php\/wp-json\/wp\/v2\/categories?post=68170"},{"taxonomy":"post_tag","embeddable":true,"href":"https:\/\/portalmovil.com.ar\/index.php\/wp-json\/wp\/v2\/tags?post=68170"}],"curies":[{"name":"wp","href":"https:\/\/api.w.org\/{rel}","templated":true}]}}